{"id":111525,"date":"2017-04-18T11:05:22","date_gmt":"2017-04-18T08:05:22","guid":{"rendered":"http:\/\/www.sana.sy\/tr\/?p=111525"},"modified":"2017-04-18T14:16:44","modified_gmt":"2017-04-18T11:16:44","slug":"cumhurbaskani-bessar-el-esad-kurtulus-bayraminin-71-yildonumu-munasebetiyle-rusya-baskani-vladimir-putinden-bir-kutlama-mesaji-aldi","status":"publish","type":"post","link":"https:\/\/archive.sana.sy\/tr\/?p=111525","title":{"rendered":"Cumhurba\u015fkan\u0131 Be\u015f\u015far el Esad, Kurtulu\u015f Bayram\u0131n\u0131n 71. Y\u0131ld\u00f6n\u00fcm\u00fc m\u00fcnasebetiyle Rusya Ba\u015fkan\u0131 Vladimir Putin\u2019den bir kutlama mesaj\u0131 ald\u0131"},"content":{"rendered":"<p>Cumhurba\u015fkan\u0131 Be\u015f\u015far el Esad, Kurtulu\u015f Bayram\u0131n\u0131n 71. Y\u0131ld\u00f6n\u00fcm\u00fc m\u00fcnasebetiyle Rusya Ba\u015fkan\u0131 Vladimir Putin\u2019den bir kutlama mesaj\u0131 ald\u0131<\/p>\n","protected":false},"excerpt":{"rendered":"<p>Cumhurba\u015fkan\u0131 Be\u015f\u015far el Esad, Kurtulu\u015f Bayram\u0131n\u0131n 71. Y\u0131ld\u00f6n\u00fcm\u00fc m\u00fcnasebetiyle Rusya Ba\u015fkan\u0131 Vladimir Putin\u2019den bir kutlama mesaj\u0131 ald\u0131<\/p>\n","protected":false},"author":1,"featured_media":0,"comment_status":"closed","ping_status":"closed","sticky":false,"template":"","format":"standard","meta":{"footnotes":""},"categories":[17991],"tags":[],"class_list":["post-111525","post","type-post","status-publish","format-standard","","category-son-dakika"],"_links":{"self":[{"href":"https:\/\/archive.sana.sy\/tr\/index.php?rest_route=\/wp\/v2\/posts\/111525","targetHints":{"allow":["GET"]}}],"collection":[{"href":"https:\/\/archive.sana.sy\/tr\/index.php?rest_route=\/wp\/v2\/posts"}],"about":[{"href":"https:\/\/archive.sana.sy\/tr\/index.php?rest_route=\/wp\/v2\/types\/post"}],"author":[{"embeddable":true,"href":"https:\/\/archive.sana.sy\/tr\/index.php?rest_route=\/wp\/v2\/users\/1"}],"replies":[{"embeddable":true,"href":"https:\/\/archive.sana.sy\/tr\/index.php?rest_route=%2Fwp%2Fv2%2Fcomments&post=111525"}],"version-history":[{"count":0,"href":"https:\/\/archive.sana.sy\/tr\/index.php?rest_route=\/wp\/v2\/posts\/111525\/revisions"}],"wp:attachment":[{"href":"https:\/\/archive.sana.sy\/tr\/index.php?rest_route=%2Fwp%2Fv2%2Fmedia&parent=111525"}],"wp:term":[{"taxonomy":"category","embeddable":true,"href":"https:\/\/archive.sana.sy\/tr\/index.php?rest_route=%2Fwp%2Fv2%2Fcategories&post=111525"},{"taxonomy":"post_tag","embeddable":true,"href":"https:\/\/archive.sana.sy\/tr\/index.php?rest_route=%2Fwp%2Fv2%2Ftags&post=111525"}],"curies":[{"name":"wp","href":"https:\/\/api.w.org\/{rel}","templated":true}]}}