{"id":111526,"date":"2017-04-18T11:15:17","date_gmt":"2017-04-18T08:15:17","guid":{"rendered":"http:\/\/www.sana.sy\/tr\/?p=111526"},"modified":"2017-04-18T14:17:51","modified_gmt":"2017-04-18T11:17:51","slug":"bu-cozumde-suriyede-kanlarin-akitilmasina-son-vermekle-birlikte-suriyeli-tum-taraflarin-uluslar-arasi-radikallik-ve-terorle-mucadele-konusunda-cabalarini-birlestirmelerine-ozen-gosterildigini","status":"publish","type":"post","link":"https:\/\/archive.sana.sy\/tr\/?p=111526","title":{"rendered":"Bu \u00e7\u00f6z\u00fcmde Suriye\u2019de kanlar\u0131n ak\u0131t\u0131lmas\u0131na son vermekle birlikte Suriyeli t\u00fcm taraflar\u0131n uluslar aras\u0131 radikallik ve ter\u00f6rle m\u00fccadele konusunda \u00e7abalar\u0131n\u0131 birle\u015ftirmelerine \u00f6zen g\u00f6sterildi\u011fini kaydeden Putin; Rusya\u2019n\u0131n bu hedeflerle birlikte Suriye\u2019nin egemenli\u011fini ve toprak b\u00fct\u00fcnl\u00fc\u011f\u00fcn\u00fc koruma deste\u011fini s\u00fcrd\u00fcrme kararl\u0131l\u0131\u011f\u0131nda oldu\u011funun alt\u0131n\u0131 \u00e7izdi."},"content":{"rendered":"<p>Bu \u00e7\u00f6z\u00fcmde Suriye\u2019de kanlar\u0131n ak\u0131t\u0131lmas\u0131na son vermekle birlikte Suriyeli t\u00fcm taraflar\u0131n uluslar aras\u0131 radikallik ve ter\u00f6rle m\u00fccadele konusunda \u00e7abalar\u0131n\u0131 birle\u015ftirmelerine \u00f6zen g\u00f6sterildi\u011fini kaydeden Putin; Rusya\u2019n\u0131n bu hedeflerle birlikte Suriye\u2019nin egemenli\u011fini ve toprak b\u00fct\u00fcnl\u00fc\u011f\u00fcn\u00fc koruma deste\u011fini s\u00fcrd\u00fcrme kararl\u0131l\u0131\u011f\u0131nda oldu\u011funun alt\u0131n\u0131 \u00e7izdi.<\/p>\n","protected":false},"excerpt":{"rendered":"<p>Bu \u00e7\u00f6z\u00fcmde Suriye\u2019de kanlar\u0131n ak\u0131t\u0131lmas\u0131na son vermekle birlikte Suriyeli t\u00fcm taraflar\u0131n uluslar aras\u0131 radikallik ve ter\u00f6rle m\u00fccadele konusunda \u00e7abalar\u0131n\u0131 birle\u015ftirmelerine \u00f6zen g\u00f6sterildi\u011fini kaydeden Putin; Rusya\u2019n\u0131n bu hedeflerle birlikte Suriye\u2019nin egemenli\u011fini ve toprak b\u00fct\u00fcnl\u00fc\u011f\u00fcn\u00fc koruma deste\u011fini s\u00fcrd\u00fcrme kararl\u0131l\u0131\u011f\u0131nda oldu\u011funun alt\u0131n\u0131 \u00e7izdi.<\/p>\n","protected":false},"author":1,"featured_media":0,"comment_status":"closed","ping_status":"closed","sticky":false,"template":"","format":"standard","meta":{"footnotes":""},"categories":[17991],"tags":[],"class_list":["post-111526","post","type-post","status-publish","format-standard","","category-son-dakika"],"_links":{"self":[{"href":"https:\/\/archive.sana.sy\/tr\/index.php?rest_route=\/wp\/v2\/posts\/111526","targetHints":{"allow":["GET"]}}],"collection":[{"href":"https:\/\/archive.sana.sy\/tr\/index.php?rest_route=\/wp\/v2\/posts"}],"about":[{"href":"https:\/\/archive.sana.sy\/tr\/index.php?rest_route=\/wp\/v2\/types\/post"}],"author":[{"embeddable":true,"href":"https:\/\/archive.sana.sy\/tr\/index.php?rest_route=\/wp\/v2\/users\/1"}],"replies":[{"embeddable":true,"href":"https:\/\/archive.sana.sy\/tr\/index.php?rest_route=%2Fwp%2Fv2%2Fcomments&post=111526"}],"version-history":[{"count":0,"href":"https:\/\/archive.sana.sy\/tr\/index.php?rest_route=\/wp\/v2\/posts\/111526\/revisions"}],"wp:attachment":[{"href":"https:\/\/archive.sana.sy\/tr\/index.php?rest_route=%2Fwp%2Fv2%2Fmedia&parent=111526"}],"wp:term":[{"taxonomy":"category","embeddable":true,"href":"https:\/\/archive.sana.sy\/tr\/index.php?rest_route=%2Fwp%2Fv2%2Fcategories&post=111526"},{"taxonomy":"post_tag","embeddable":true,"href":"https:\/\/archive.sana.sy\/tr\/index.php?rest_route=%2Fwp%2Fv2%2Ftags&post=111526"}],"curies":[{"name":"wp","href":"https:\/\/api.w.org\/{rel}","templated":true}]}}