{"id":111539,"date":"2017-04-18T15:12:39","date_gmt":"2017-04-18T12:12:39","guid":{"rendered":"http:\/\/www.sana.sy\/tr\/?p=111539"},"modified":"2017-04-19T15:06:53","modified_gmt":"2017-04-19T12:06:53","slug":"asi-gunleri-kampanyasi-basladi","status":"publish","type":"post","link":"https:\/\/archive.sana.sy\/tr\/?p=111539","title":{"rendered":"A\u015f\u0131 G\u00fcnleri Kampanyas\u0131 Ba\u015flad\u0131 (video)"},"content":{"rendered":"<p>\u015eAM \u2013 Sa\u011fl\u0131k Bakanl\u0131\u011f\u0131 bug\u00fcn yurt genelinde be\u015f ya\u015f alt\u0131 \u00e7ocuklar\u0131n tamam\u0131n\u0131 hedef alan ve 27 Nisan tarihine dek s\u00fcrmesi planlanan ulusal a\u015f\u0131 g\u00fcnleri faaliyetini ba\u015flatt\u0131.<\/p>\n<p>D\u00fcnya A\u015f\u0131 Haftas\u0131na e\u015f zamanl\u0131 olarak ba\u015flat\u0131lan faaliyette yurt genelinde t\u00fcm sa\u011fl\u0131k merkezlerinin yan\u0131 s\u0131ra mobil sa\u011fl\u0131k noktalar\u0131 ve seyyar sa\u011fl\u0131k ekipleri g\u00f6rev yap\u0131yor. A\u015f\u0131 kampanyas\u0131nda daha \u00f6nce a\u015f\u0131lar\u0131 yap\u0131lmam\u0131\u015f \u00e7ocuklar\u0131n eksik a\u015f\u0131lar\u0131 tamamlanacak.<\/p>\n<p>Sa\u011fl\u0131k Bakanl\u0131\u011f\u0131 yapt\u0131\u011f\u0131 a\u00e7\u0131klamada a\u015f\u0131 g\u00fcnleri kampanyas\u0131nda 379 g\u00f6n\u00fcll\u00fcn\u00fcn bulundu\u011fu 9 bin sa\u011fl\u0131k personele ilaveten gerekli te\u00e7hizatlarla donat\u0131lm\u0131\u015f 813 arac\u0131n g\u00f6rev yapt\u0131\u011f\u0131n\u0131 belirtirken, yakla\u015f\u0131k 2,7 milyon \u00e7ocu\u011fun bu faaliyette a\u015f\u0131lanmas\u0131 beklendi\u011fini kaydetti.<\/p>\n<p>https:\/\/www.youtube.com\/watch?v=885lj8izZWQ<\/p>\n","protected":false},"excerpt":{"rendered":"<p>\u015eAM \u2013 Sa\u011fl\u0131k Bakanl\u0131\u011f\u0131 bug\u00fcn yurt genelinde be\u015f ya\u015f alt\u0131 \u00e7ocuklar\u0131n tamam\u0131n\u0131 hedef alan ve 27 Nisan tarihine dek s\u00fcrmesi planlanan ulusal a\u015f\u0131 g\u00fcnleri faaliyetini ba\u015flatt\u0131. D\u00fcnya A\u015f\u0131 Haftas\u0131na e\u015f zamanl\u0131 olarak ba\u015flat\u0131lan faaliyette yurt genelinde t\u00fcm sa\u011fl\u0131k merkezlerinin yan\u0131 s\u0131ra mobil sa\u011fl\u0131k noktalar\u0131 ve seyyar sa\u011fl\u0131k ekipleri g\u00f6rev yap\u0131yor. A\u015f\u0131 kampanyas\u0131nda daha \u00f6nce a\u015f\u0131lar\u0131 &hellip;<\/p>\n","protected":false},"author":1,"featured_media":111541,"comment_status":"closed","ping_status":"closed","sticky":false,"template":"","format":"standard","meta":{"footnotes":""},"categories":[479,17988,478],"tags":[29066,29067],"class_list":["post-111539","post","type-post","status-publish","format-standard","has-post-thumbnail","","category-haberler-yerel","category-son-haberler","category-yerel","tag-asi-gunleri-kampanyasi-basladi","tag-sam-saglik-bakanligi-bugun-yurt-genelinde-bes-yas-alti-cocuklarin-tamamini-hedef-alan-ve-27-nisan-tarihine-dek-surmesi-planlanan-ulusal-asi-gunleri-faaliyetini-baslatti"],"_links":{"self":[{"href":"https:\/\/archive.sana.sy\/tr\/index.php?rest_route=\/wp\/v2\/posts\/111539","targetHints":{"allow":["GET"]}}],"collection":[{"href":"https:\/\/archive.sana.sy\/tr\/index.php?rest_route=\/wp\/v2\/posts"}],"about":[{"href":"https:\/\/archive.sana.sy\/tr\/index.php?rest_route=\/wp\/v2\/types\/post"}],"author":[{"embeddable":true,"href":"https:\/\/archive.sana.sy\/tr\/index.php?rest_route=\/wp\/v2\/users\/1"}],"replies":[{"embeddable":true,"href":"https:\/\/archive.sana.sy\/tr\/index.php?rest_route=%2Fwp%2Fv2%2Fcomments&post=111539"}],"version-history":[{"count":0,"href":"https:\/\/archive.sana.sy\/tr\/index.php?rest_route=\/wp\/v2\/posts\/111539\/revisions"}],"wp:featuredmedia":[{"embeddable":true,"href":"https:\/\/archive.sana.sy\/tr\/index.php?rest_route=\/wp\/v2\/media\/111541"}],"wp:attachment":[{"href":"https:\/\/archive.sana.sy\/tr\/index.php?rest_route=%2Fwp%2Fv2%2Fmedia&parent=111539"}],"wp:term":[{"taxonomy":"category","embeddable":true,"href":"https:\/\/archive.sana.sy\/tr\/index.php?rest_route=%2Fwp%2Fv2%2Fcategories&post=111539"},{"taxonomy":"post_tag","embeddable":true,"href":"https:\/\/archive.sana.sy\/tr\/index.php?rest_route=%2Fwp%2Fv2%2Ftags&post=111539"}],"curies":[{"name":"wp","href":"https:\/\/api.w.org\/{rel}","templated":true}]}}