{"id":111559,"date":"2017-04-18T09:00:40","date_gmt":"2017-04-18T06:00:40","guid":{"rendered":"http:\/\/www.sana.sy\/tr\/?p=111559"},"modified":"2017-04-19T15:07:00","modified_gmt":"2017-04-19T12:07:00","slug":"suriye-konulu-uclu-gorusmeler-tahranda-basladi","status":"publish","type":"post","link":"https:\/\/archive.sana.sy\/tr\/?p=111559","title":{"rendered":"Suriye Konulu \u00dc\u00e7l\u00fc G\u00f6r\u00fc\u015fmeler Tahran\u2019da Ba\u015flad\u0131"},"content":{"rendered":"<p>TAHRAN \u2013 Suriye&#8217;deki krizin siyasi yollarla \u00e7\u00f6z\u00fclmesi ama\u00e7l\u0131 Astana g\u00f6r\u00fc\u015fmeleri kapsam\u0131nda bug\u00fcn \u0130ran\u2019\u0131n ba\u015fkenti Tahran\u2019da Rusya ve \u0130ran\u2019\u0131n yan\u0131 s\u0131ra T\u00fcrkiye rejiminin kat\u0131l\u0131m\u0131yla \u00fc\u00e7l\u00fc g\u00f6r\u00fc\u015fmeler ba\u015flad\u0131.<\/p>\n<p>\u0130ranl\u0131 Fars Ajans\u0131n\u0131n aktard\u0131\u011f\u0131 haberde; s\u00f6z konusu \u00fc\u00e7 \u00fclkeden uzmanlar d\u00fczeyinde yap\u0131lan toplant\u0131lar\u0131n iki g\u00fcn s\u00fcrece\u011fini kaydetti.<\/p>\n","protected":false},"excerpt":{"rendered":"<p>TAHRAN \u2013 Suriye&#8217;deki krizin siyasi yollarla \u00e7\u00f6z\u00fclmesi ama\u00e7l\u0131 Astana g\u00f6r\u00fc\u015fmeleri kapsam\u0131nda bug\u00fcn \u0130ran\u2019\u0131n ba\u015fkenti Tahran\u2019da Rusya ve \u0130ran\u2019\u0131n yan\u0131 s\u0131ra T\u00fcrkiye rejiminin kat\u0131l\u0131m\u0131yla \u00fc\u00e7l\u00fc g\u00f6r\u00fc\u015fmeler ba\u015flad\u0131. \u0130ranl\u0131 Fars Ajans\u0131n\u0131n aktard\u0131\u011f\u0131 haberde; s\u00f6z konusu \u00fc\u00e7 \u00fclkeden uzmanlar d\u00fczeyinde yap\u0131lan toplant\u0131lar\u0131n iki g\u00fcn s\u00fcrece\u011fini kaydetti.<\/p>\n","protected":false},"author":1,"featured_media":111560,"comment_status":"closed","ping_status":"closed","sticky":false,"template":"","format":"standard","meta":{"footnotes":""},"categories":[458,459,17988],"tags":[29073],"class_list":["post-111559","post","type-post","status-publish","format-standard","has-post-thumbnail","","category-dunya1","category-haberler-arap-uluslararasi-politika","category-son-haberler","tag-suriye-konulu-uclu-gorusmeler-tahranda-basladi"],"_links":{"self":[{"href":"https:\/\/archive.sana.sy\/tr\/index.php?rest_route=\/wp\/v2\/posts\/111559","targetHints":{"allow":["GET"]}}],"collection":[{"href":"https:\/\/archive.sana.sy\/tr\/index.php?rest_route=\/wp\/v2\/posts"}],"about":[{"href":"https:\/\/archive.sana.sy\/tr\/index.php?rest_route=\/wp\/v2\/types\/post"}],"author":[{"embeddable":true,"href":"https:\/\/archive.sana.sy\/tr\/index.php?rest_route=\/wp\/v2\/users\/1"}],"replies":[{"embeddable":true,"href":"https:\/\/archive.sana.sy\/tr\/index.php?rest_route=%2Fwp%2Fv2%2Fcomments&post=111559"}],"version-history":[{"count":0,"href":"https:\/\/archive.sana.sy\/tr\/index.php?rest_route=\/wp\/v2\/posts\/111559\/revisions"}],"wp:featuredmedia":[{"embeddable":true,"href":"https:\/\/archive.sana.sy\/tr\/index.php?rest_route=\/wp\/v2\/media\/111560"}],"wp:attachment":[{"href":"https:\/\/archive.sana.sy\/tr\/index.php?rest_route=%2Fwp%2Fv2%2Fmedia&parent=111559"}],"wp:term":[{"taxonomy":"category","embeddable":true,"href":"https:\/\/archive.sana.sy\/tr\/index.php?rest_route=%2Fwp%2Fv2%2Fcategories&post=111559"},{"taxonomy":"post_tag","embeddable":true,"href":"https:\/\/archive.sana.sy\/tr\/index.php?rest_route=%2Fwp%2Fv2%2Ftags&post=111559"}],"curies":[{"name":"wp","href":"https:\/\/api.w.org\/{rel}","templated":true}]}}