{"id":111595,"date":"2017-04-18T12:00:02","date_gmt":"2017-04-18T09:00:02","guid":{"rendered":"http:\/\/www.sana.sy\/tr\/?p=111595"},"modified":"2017-04-19T13:33:41","modified_gmt":"2017-04-19T10:33:41","slug":"tekfirci-ve-hain-teroristlerin-saldirilari-cokertildi","status":"publish","type":"post","link":"https:\/\/archive.sana.sy\/tr\/?p=111595","title":{"rendered":"Tekfirci ve Hain Ter\u00f6ristlerin Sald\u0131r\u0131lar\u0131 \u00c7\u00f6kertildi"},"content":{"rendered":"<p>\u0130LLER \u2013 Muhtelif b\u00f6lgelerde d\u0131\u015f g\u00fc\u00e7lerden talimat alan tekfirci ve hain ter\u00f6ristlerin askeri ve sivil b\u00f6lgelere sald\u0131r\u0131lar\u0131n\u0131 \u00e7\u00f6kerten vatan koruyucular\u0131 ordu birliklerimiz, sald\u0131rganlar\u0131 say\u0131 ve cephaneleriyle de a\u011f\u0131r kay\u0131plara u\u011fratt\u0131.<\/p>\n<p><span style=\"color: #0000ff\">HAMA:<\/span><\/p>\n<p>Askeri kaynak ordu birliklerimizin Hama \u0130line tabi Selemiye k\u0131rsal\u0131n\u0131n kuzeydo\u011fusunda yer alan Vadi el Izeyb B\u00f6lgesinde askeri bir mevkie sald\u0131rmaya \u00e7al\u0131\u015fan I\u015e\u0130D\u2019li radikal \u00e7etelerle \u015fiddetli \u00e7at\u0131\u015fmalara girdiklerini belirtti.<\/p>\n<p>Kaynak \u00e7at\u0131\u015fmalarda intihar eylemcisi ter\u00f6ristlerin kulland\u0131klar\u0131 bombal\u0131 bir dozer ve bir arac\u0131n hedeflerine ula\u015fmadan \u00f6nce ordu birliklerimiz taraf\u0131ndan imha edildiklerini belirtti. \u00c7at\u0131\u015fmalarda sald\u0131rganlar\u0131n say\u0131 ve ekipmanlar\u0131yla b\u00fcy\u00fck kay\u0131plara u\u011frat\u0131ld\u0131klar\u0131na dikkat \u00e7eken kaynak, arkalar\u0131nda arkada\u015flar\u0131n\u0131n cesetlerini ve silahlar\u0131n\u0131 b\u0131rak\u0131p ka\u00e7an tekfircileri kovalama operasyonunun devam etti\u011fini s\u00f6yledi.<\/p>\n<p>Kaynak ordu birliklerimizin d\u00fcn Selemiye\u2019nin bat\u0131s\u0131nda yer alan Sathiyat B\u00f6lgesinde de Nusra Cephesinin b\u00fcy\u00fck bir sald\u0131r\u0131s\u0131n\u0131 yine \u00e7\u00f6kerterek, sald\u0131rganlar\u0131n \u00f6nemli bir b\u00f6l\u00fcm\u00fcn\u00fc \u00f6l\u00fc yaral\u0131 d\u00fc\u015f\u00fcrd\u00fcklerine dikkat \u00e7ekti.<\/p>\n<p><span style=\"color: #0000ff\">DEYREZZOR:<\/span><\/p>\n<p>Bu arada askeri kaynak ordu birliklerimizin Deyrezzor Kentinin bat\u0131 y\u00f6n\u00fcnde yer alan Serda Da\u011f\u0131nda I\u015e\u0130D\u2019in mevki ve hareketlenmelerini yo\u011fun ate\u015fe tuttuklar\u0131n\u0131 belirtti. Kaynak aralar\u0131nda saha komutanlar\u0131n\u0131n bulundu\u011fu bir\u00e7ok ter\u00f6ristin \u00f6ld\u00fcr\u00fcld\u00fc\u011f\u00fc operasyonlarda 2 tank ve a\u011f\u0131r makineli silahla donat\u0131lm\u0131\u015f bir arac\u0131n imha edildiklerini kaydetti.<\/p>\n<p>Ordu birliklerimizin Deyrezzor k\u0131rsal\u0131n\u0131n g\u00fcneybat\u0131 y\u00f6n\u00fc Teym Petrol Sahas\u0131 kav\u015fa\u011f\u0131nda I\u015e\u0130D\u2019in toplanma yerleri ve siperlerinin muhtevalar\u0131yla imha edildi\u011fini ifade eden kaynak; tekfirci \u00f6rg\u00fct\u00fcn insans\u0131z hava ara\u00e7lar\u0131n\u0131 kulland\u0131\u011f\u0131 karargah ve siperlerinin muhtevalar\u0131yla imha edildi\u011fini aktard\u0131.<\/p>\n<p><span style=\"color: #0000ff\">\u015eAM KIRSALI:<\/span><\/p>\n<p>Ordu birliklerimizin \u015eam k\u0131rsal\u0131n\u0131n g\u00fcneybat\u0131 u\u00e7lar\u0131nda Dera ve Kunaytra il idari s\u0131n\u0131rlar\u0131na yak\u0131n Sasa B\u00f6lgesinde Nusra Cephesine tabi a\u011f\u0131r makineli silahla donat\u0131lm\u0131\u015f bir arac\u0131 dakik top ate\u015fine tuttuklar\u0131n\u0131 ifade eden kaynak, ara\u00e7 ve i\u00e7inde bulunan 4 ter\u00f6ristin tamamen yok edildiklerini s\u00f6yledi.<\/p>\n<p><span style=\"color: #0000ff\">HOMS:<\/span><\/p>\n<p>Di\u011fer yandan askeri kaynak ordu birliklerimizin; Homs kentinin yakla\u015f\u0131k 85 km g\u00fcneydo\u011fusunda yer alan Karyeteyn B\u00f6lgesinde askeri noktalara bir\u00e7ok eksenden b\u00fcy\u00fck bir sald\u0131r\u0131da bulunan I\u015e\u0130D\u2019li radikal \u00e7eteleri a\u011f\u0131r kay\u0131plara u\u011frat\u0131p sald\u0131r\u0131lar\u0131n\u0131 \u00e7\u00f6kerttiklerini belirtti.<\/p>\n<p>Kaynka ya\u015fanan \u015fiddetli \u00e7at\u0131\u015fmalarda aralar\u0131nda az\u0131l\u0131 simlerin bulundu\u011fu onlarca ter\u00f6ristin ara\u00e7 ve cephaneleriyle birlikte etkisiz hale getirildiklerini s\u00f6yledi.<\/p>\n<p>Homs \u0130linin do\u011fusunda I\u015e\u0130D\u2019e kar\u015f\u0131 operasyonlar\u0131n ba\u015far\u0131yla devam etti\u011fini belirten askeri kaynak; Tedmur k\u0131rsal\u0131nda yer alan Ebu K\u0131lla Baraj\u0131 b\u00f6lgesinde onlarca ter\u00f6risti ekipmanlar\u0131yla birlikte etkisiz hale getirmeleri ard\u0131ndan baraj ve b\u00f6lgesini kontrollerine ge\u00e7irdiklerini aktard\u0131.<\/p>\n<p><span style=\"color: #0000ff\">DERA:<\/span><\/p>\n<p>Dera\u2019da \u0130srail&#8217;den destek ve komuta alan Nusra Cephesi ve \u00e7at\u0131s\u0131 alt\u0131ndaki di\u011fer ter\u00f6rist \u00e7etelere kar\u015f\u0131 operasyonlar konusunda ise askeri kaynak, Dera Beled\u2019in muhtelif yerlerinde y\u00fcr\u00fct\u00fclen operasyonlarda bu \u00e7etelerden onlarcas\u0131n\u0131n \u00f6l\u00fc yaral\u0131 d\u00fc\u015f\u00fcr\u00fcld\u00fc\u011f\u00fcn\u00fc s\u00f6yledi.<\/p>\n<p>Kaynak operasyonlarda ayr\u0131ca bir\u00e7ok siper noktas\u0131, a\u011f\u0131r makineli silahlar, keskin ni\u015fanc\u0131 noktalar\u0131 ve ara\u00e7lar\u0131n ekipleriyle birlikte yok edildiklerini belirtti.<\/p>\n","protected":false},"excerpt":{"rendered":"<p>\u0130LLER \u2013 Muhtelif b\u00f6lgelerde d\u0131\u015f g\u00fc\u00e7lerden talimat alan tekfirci ve hain ter\u00f6ristlerin askeri ve sivil b\u00f6lgelere sald\u0131r\u0131lar\u0131n\u0131 \u00e7\u00f6kerten vatan koruyucular\u0131 ordu birliklerimiz, sald\u0131rganlar\u0131 say\u0131 ve cephaneleriyle de a\u011f\u0131r kay\u0131plara u\u011fratt\u0131. HAMA: Askeri kaynak ordu birliklerimizin Hama \u0130line tabi Selemiye k\u0131rsal\u0131n\u0131n kuzeydo\u011fusunda yer alan Vadi el Izeyb B\u00f6lgesinde askeri bir mevkie sald\u0131rmaya \u00e7al\u0131\u015fan I\u015e\u0130D\u2019li radikal \u00e7etelerle &hellip;<\/p>\n","protected":false},"author":1,"featured_media":111599,"comment_status":"closed","ping_status":"closed","sticky":false,"template":"","format":"standard","meta":{"footnotes":""},"categories":[479,575,17988,478],"tags":[29074],"class_list":["post-111595","post","type-post","status-publish","format-standard","has-post-thumbnail","","category-haberler-yerel","category-olaylar-ve-gercekler","category-son-haberler","category-yerel","tag-tekfirci-ve-hain-teroristlerin-saldirilari-cokertildi"],"_links":{"self":[{"href":"https:\/\/archive.sana.sy\/tr\/index.php?rest_route=\/wp\/v2\/posts\/111595","targetHints":{"allow":["GET"]}}],"collection":[{"href":"https:\/\/archive.sana.sy\/tr\/index.php?rest_route=\/wp\/v2\/posts"}],"about":[{"href":"https:\/\/archive.sana.sy\/tr\/index.php?rest_route=\/wp\/v2\/types\/post"}],"author":[{"embeddable":true,"href":"https:\/\/archive.sana.sy\/tr\/index.php?rest_route=\/wp\/v2\/users\/1"}],"replies":[{"embeddable":true,"href":"https:\/\/archive.sana.sy\/tr\/index.php?rest_route=%2Fwp%2Fv2%2Fcomments&post=111595"}],"version-history":[{"count":0,"href":"https:\/\/archive.sana.sy\/tr\/index.php?rest_route=\/wp\/v2\/posts\/111595\/revisions"}],"wp:featuredmedia":[{"embeddable":true,"href":"https:\/\/archive.sana.sy\/tr\/index.php?rest_route=\/wp\/v2\/media\/111599"}],"wp:attachment":[{"href":"https:\/\/archive.sana.sy\/tr\/index.php?rest_route=%2Fwp%2Fv2%2Fmedia&parent=111595"}],"wp:term":[{"taxonomy":"category","embeddable":true,"href":"https:\/\/archive.sana.sy\/tr\/index.php?rest_route=%2Fwp%2Fv2%2Fcategories&post=111595"},{"taxonomy":"post_tag","embeddable":true,"href":"https:\/\/archive.sana.sy\/tr\/index.php?rest_route=%2Fwp%2Fv2%2Ftags&post=111595"}],"curies":[{"name":"wp","href":"https:\/\/api.w.org\/{rel}","templated":true}]}}