{"id":11169,"date":"2014-09-24T20:59:48","date_gmt":"2014-09-24T17:59:48","guid":{"rendered":"http:\/\/www.sana.sy\/tr\/?p=11169"},"modified":"2014-09-24T20:59:48","modified_gmt":"2014-09-24T17:59:48","slug":"obama-teroristleri-destekleyecegini-yineledi","status":"publish","type":"post","link":"https:\/\/archive.sana.sy\/tr\/?p=11169","title":{"rendered":"Obama Ter\u00f6ristleri Destekleyece\u011fini Yineledi"},"content":{"rendered":"<p>NEWYORK \u2013 Amerika Birle\u015fik Devletleri Ba\u015fkan\u0131 Barack Obama Suriye krizinin nihai \u00e7\u00f6z\u00fcm\u00fcn\u00fcn siyasal oldu\u011funu ve \u201cSuriye halk\u0131n\u0131n demokratik beklentilerine kulak verecek kapsaml\u0131 bir siyasi ge\u00e7i\u015f\u201d gerektirdi\u011fini s\u00f6yledi.<\/p>\n<p>BM Genel Kurulunun 69. d\u00f6nem toplant\u0131lar\u0131 \u00e7er\u00e7evesinde konu\u015fan Obama, \u201cB\u00f6lgede daha geni\u015f m\u00fczakereler yapman\u0131n zaman\u0131 geldi. Birincil g\u00fc\u00e7ler ihtilaflar\u0131n\u0131 masada direkt, d\u00fcr\u00fcst ve bar\u0131\u015f\u00e7\u0131l bir \u015fekilde \u00e7\u00f6zmeli\u201d dedi.<\/p>\n<p>Suriye halk\u0131n\u0131n demokratik beklentilerine i\u015faret etmesine ra\u011fmen Obama, ter\u00f6rist gruplara yard\u0131m verme politikas\u0131na devam edece\u011fini bu \u00f6rg\u00fctlerin \u201cI\u015e\u0130D\u201d ter\u00f6r \u00f6rg\u00fct\u00fcne kar\u015f\u0131 koyaca\u011f\u0131 bahanesiyle yeniden kaydetti.<\/p>\n<p>\u201cI\u015e\u0130D\u201d ter\u00f6r \u00f6rg\u00fct\u00fcn\u00fcn kurulu\u015funda \u00fclkesinin oynad\u0131\u011f\u0131 rol\u00fc g\u00f6rmezlikten gelen Obama\u2019n\u0131n ter\u00f6rist \u00f6rg\u00fctlere yard\u0131m verme s\u00f6z\u00fcn\u00fc yinelemesi, g\u00f6zlemciler taraf\u0131ndan, ABD\u2019nin kaosu kaosla \u00e7\u00f6zme politikas\u0131n\u0131n devam\u0131 olarak yorumland\u0131.<\/p>\n<p>\u00dclkesinin \u201cI\u015e\u0130D\u201de kar\u015f\u0131 kara kuvvetler g\u00f6ndermeyi d\u00fc\u015f\u00fcnmedi\u011fini belirten Obama, hava harekatlar\u0131n\u0131n s\u00fcrece\u011fini, ABD\u2019nin kurdu\u011fu koalisyona kat\u0131lmak i\u00e7in otuz \u00fclkeden teklif geldi\u011fini belirtti.<\/p>\n<p>\u201cTer\u00f6ristlere yard\u0131m etmek ve e\u011fitmek i\u00e7in para harcayanlar\u0131n iki y\u00fczl\u00fcl\u00fc\u011f\u00fcn\u00fcn durma vakti geldi\u201d diyen Obama G\u00fcvenlik Konseyinin \u00fclkelerin radikal \u015fiddete kar\u015f\u0131 devletlerin sorumlulu\u011funa vurgu yapan bir karar \u00e7\u0131karaca\u011f\u0131n\u0131 kaydetti.<\/p>\n<p>Obama, \u00fclkesinin politikas\u0131n\u0131n ter\u00f6re kar\u015f\u0131 reflekslere dayal\u0131 olmayaca\u011f\u0131n\u0131 \u00f6ne s\u00fcrd\u00fc.<\/p>\n","protected":false},"excerpt":{"rendered":"<p>NEWYORK \u2013 Amerika Birle\u015fik Devletleri Ba\u015fkan\u0131 Barack Obama Suriye krizinin nihai \u00e7\u00f6z\u00fcm\u00fcn\u00fcn siyasal oldu\u011funu ve \u201cSuriye halk\u0131n\u0131n demokratik beklentilerine kulak verecek kapsaml\u0131 bir siyasi ge\u00e7i\u015f\u201d gerektirdi\u011fini s\u00f6yledi. BM Genel Kurulunun 69. d\u00f6nem toplant\u0131lar\u0131 \u00e7er\u00e7evesinde konu\u015fan Obama, \u201cB\u00f6lgede daha geni\u015f m\u00fczakereler yapman\u0131n zaman\u0131 geldi. Birincil g\u00fc\u00e7ler ihtilaflar\u0131n\u0131 masada direkt, d\u00fcr\u00fcst ve bar\u0131\u015f\u00e7\u0131l bir \u015fekilde \u00e7\u00f6zmeli\u201d dedi. &hellip;<\/p>\n","protected":false},"author":1,"featured_media":11170,"comment_status":"closed","ping_status":"closed","sticky":false,"template":"","format":"standard","meta":{"footnotes":""},"categories":[458,459,447],"tags":[2705],"class_list":["post-11169","post","type-post","status-publish","format-standard","has-post-thumbnail","","category-dunya1","category-haberler-arap-uluslararasi-politika","category-politika","tag-obama-teroristleri-destekleyecegini-yineledi"],"_links":{"self":[{"href":"https:\/\/archive.sana.sy\/tr\/index.php?rest_route=\/wp\/v2\/posts\/11169","targetHints":{"allow":["GET"]}}],"collection":[{"href":"https:\/\/archive.sana.sy\/tr\/index.php?rest_route=\/wp\/v2\/posts"}],"about":[{"href":"https:\/\/archive.sana.sy\/tr\/index.php?rest_route=\/wp\/v2\/types\/post"}],"author":[{"embeddable":true,"href":"https:\/\/archive.sana.sy\/tr\/index.php?rest_route=\/wp\/v2\/users\/1"}],"replies":[{"embeddable":true,"href":"https:\/\/archive.sana.sy\/tr\/index.php?rest_route=%2Fwp%2Fv2%2Fcomments&post=11169"}],"version-history":[{"count":0,"href":"https:\/\/archive.sana.sy\/tr\/index.php?rest_route=\/wp\/v2\/posts\/11169\/revisions"}],"wp:featuredmedia":[{"embeddable":true,"href":"https:\/\/archive.sana.sy\/tr\/index.php?rest_route=\/wp\/v2\/media\/11170"}],"wp:attachment":[{"href":"https:\/\/archive.sana.sy\/tr\/index.php?rest_route=%2Fwp%2Fv2%2Fmedia&parent=11169"}],"wp:term":[{"taxonomy":"category","embeddable":true,"href":"https:\/\/archive.sana.sy\/tr\/index.php?rest_route=%2Fwp%2Fv2%2Fcategories&post=11169"},{"taxonomy":"post_tag","embeddable":true,"href":"https:\/\/archive.sana.sy\/tr\/index.php?rest_route=%2Fwp%2Fv2%2Ftags&post=11169"}],"curies":[{"name":"wp","href":"https:\/\/api.w.org\/{rel}","templated":true}]}}