{"id":111701,"date":"2017-04-19T19:16:16","date_gmt":"2017-04-19T16:16:16","guid":{"rendered":"http:\/\/www.sana.sy\/tr\/?p=111701"},"modified":"2017-04-20T14:16:45","modified_gmt":"2017-04-20T11:16:45","slug":"bombali-eylem-ardindan-kacirilan-131-vatandas-halepe-ulasti","status":"publish","type":"post","link":"https:\/\/archive.sana.sy\/tr\/?p=111701","title":{"rendered":"Bombal\u0131 Eylem Ard\u0131ndan Ka\u00e7\u0131r\u0131lan 131 Vatanda\u015f Halep\u2019e Ula\u015ft\u0131"},"content":{"rendered":"<p>HALEP \u2013 \u0130dlib k\u0131rsal\u0131nda ter\u00f6r ku\u015fatmas\u0131 alt\u0131nda bulunan Fua ve Kefrayya beldelerinden 131 vatanda\u015f\u0131 ta\u015f\u0131yan 3 otob\u00fcs Halep\u2019e ula\u015ft\u0131.<\/p>\n<p>SANA muhabiri 131 vatanda\u015f\u0131n aras\u0131nda, ge\u00e7en Cumartesi g\u00fcn\u00fc Ra\u015fidin B\u00f6lgesinde Fua ve Kefrayya\u2019dan kurtar\u0131lan vatanda\u015flar\u0131 hedef alan bombal\u0131 ter\u00f6r sald\u0131r\u0131s\u0131nda yaralanan 37 ki\u015finin bulundu\u011funa dikkat \u00e7ekti. Muhabir yaral\u0131lar\u0131n K\u0131z\u0131lay \u00d6rg\u00fct\u00fcn\u00fcn denetimi alt\u0131nda Halep \u00dcniversitesi Hastanesine aktar\u0131l\u0131p gerekli tedaviyi g\u00f6rd\u00fcklerini ifade etti.<\/p>\n<p><a href=\"http:\/\/www.sana.sy\/tr\/wp-content\/uploads\/2017\/04\/2-67.jpg\"><img loading=\"lazy\" decoding=\"async\" class=\"alignright wp-image-111702 size-medium\" src=\"http:\/\/www.sana.sy\/tr\/wp-content\/uploads\/2017\/04\/2-67-300x200.jpg\" alt=\"\" width=\"300\" height=\"200\" srcset=\"https:\/\/archive.sana.sy\/tr\/wp-content\/uploads\/2017\/04\/2-67-300x200.jpg 300w, https:\/\/archive.sana.sy\/tr\/wp-content\/uploads\/2017\/04\/2-67-150x100.jpg 150w, https:\/\/archive.sana.sy\/tr\/wp-content\/uploads\/2017\/04\/2-67-768x512.jpg 768w, https:\/\/archive.sana.sy\/tr\/wp-content\/uploads\/2017\/04\/2-67-1024x683.jpg 1024w\" sizes=\"auto, (max-width: 300px) 100vw, 300px\" \/><\/a>Muhabir 131 ki\u015fiden geriye kalanlar\u0131n ise; ter\u00f6r \u00f6rg\u00fctlerin Ra\u015fidin B\u00f6lgesinde bombal\u0131 eylemi ger\u00e7ekle\u015ftirmeleri ard\u0131ndan ya\u015fanan kaosu f\u0131rsat bilip ka\u00e7\u0131rd\u0131klar\u0131 sivil insanlardan ibaret olduklar\u0131n\u0131n alt\u0131n\u0131 \u00e7izerken, bunlar\u0131n Cibrin Merkezine aktar\u0131l\u0131p temel ihtiya\u00e7lar\u0131n\u0131n giderildi\u011fini ifade etti.<\/p>\n<p>Hastane Genel M\u00fcd\u00fcr\u00fc \u0130brahim Hadid; yaral\u0131lar\u0131n b\u00fcy\u00fck \u00e7o\u011funlu\u011funun \u00e7ocuk e kad\u0131nlardan ibaret oldu\u011funa vurgu yapt\u0131. Hadid isabetleri \u00fczerinden 72 saatten fazla bir s\u00fcrenin ge\u00e7mesi nedeniyle yaralar\u0131n\u0131n kal\u0131c\u0131 eser b\u0131rakmamas\u0131 amac\u0131yla hastane ve kadrosunun t\u0131bbi m\u00fcdahale i\u00e7in ola\u011fan \u00fcst\u00fc duruma ge\u00e7ti\u011fini kaydetti.<\/p>\n<div id='gallery-1' class='gallery galleryid-111701 gallery-columns-3 gallery-size-thumbnail'><figure class='gallery-item'>\n\t\t\t<div class='gallery-icon landscape'>\n\t\t\t\t<a href='https:\/\/archive.sana.sy\/tr\/wp-content\/uploads\/2017\/04\/3-47.jpg'><img loading=\"lazy\" decoding=\"async\" width=\"150\" height=\"100\" src=\"https:\/\/archive.sana.sy\/tr\/wp-content\/uploads\/2017\/04\/3-47-150x100.jpg\" class=\"attachment-thumbnail size-thumbnail\" alt=\"\" srcset=\"https:\/\/archive.sana.sy\/tr\/wp-content\/uploads\/2017\/04\/3-47-150x100.jpg 150w, https:\/\/archive.sana.sy\/tr\/wp-content\/uploads\/2017\/04\/3-47-300x200.jpg 300w, https:\/\/archive.sana.sy\/tr\/wp-content\/uploads\/2017\/04\/3-47-768x512.jpg 768w, https:\/\/archive.sana.sy\/tr\/wp-content\/uploads\/2017\/04\/3-47-1024x683.jpg 1024w, https:\/\/archive.sana.sy\/tr\/wp-content\/uploads\/2017\/04\/3-47-310x205.jpg 310w\" sizes=\"auto, (max-width: 150px) 100vw, 150px\" \/><\/a>\n\t\t\t<\/div><\/figure><figure class='gallery-item'>\n\t\t\t<div class='gallery-icon landscape'>\n\t\t\t\t<a href='https:\/\/archive.sana.sy\/tr\/wp-content\/uploads\/2017\/04\/4-23.jpg'><img loading=\"lazy\" decoding=\"async\" width=\"150\" height=\"100\" src=\"https:\/\/archive.sana.sy\/tr\/wp-content\/uploads\/2017\/04\/4-23-150x100.jpg\" class=\"attachment-thumbnail size-thumbnail\" alt=\"\" srcset=\"https:\/\/archive.sana.sy\/tr\/wp-content\/uploads\/2017\/04\/4-23-150x100.jpg 150w, https:\/\/archive.sana.sy\/tr\/wp-content\/uploads\/2017\/04\/4-23-300x200.jpg 300w, https:\/\/archive.sana.sy\/tr\/wp-content\/uploads\/2017\/04\/4-23-768x512.jpg 768w, https:\/\/archive.sana.sy\/tr\/wp-content\/uploads\/2017\/04\/4-23-1024x683.jpg 1024w, https:\/\/archive.sana.sy\/tr\/wp-content\/uploads\/2017\/04\/4-23-310x205.jpg 310w\" sizes=\"auto, (max-width: 150px) 100vw, 150px\" \/><\/a>\n\t\t\t<\/div><\/figure><figure class='gallery-item'>\n\t\t\t<div class='gallery-icon landscape'>\n\t\t\t\t<a href='https:\/\/archive.sana.sy\/tr\/wp-content\/uploads\/2017\/04\/5-15.jpg'><img loading=\"lazy\" decoding=\"async\" width=\"150\" height=\"100\" src=\"https:\/\/archive.sana.sy\/tr\/wp-content\/uploads\/2017\/04\/5-15-150x100.jpg\" class=\"attachment-thumbnail size-thumbnail\" alt=\"\" srcset=\"https:\/\/archive.sana.sy\/tr\/wp-content\/uploads\/2017\/04\/5-15-150x100.jpg 150w, https:\/\/archive.sana.sy\/tr\/wp-content\/uploads\/2017\/04\/5-15-300x200.jpg 300w, https:\/\/archive.sana.sy\/tr\/wp-content\/uploads\/2017\/04\/5-15-768x512.jpg 768w, https:\/\/archive.sana.sy\/tr\/wp-content\/uploads\/2017\/04\/5-15-1024x683.jpg 1024w, https:\/\/archive.sana.sy\/tr\/wp-content\/uploads\/2017\/04\/5-15-310x205.jpg 310w\" sizes=\"auto, (max-width: 150px) 100vw, 150px\" \/><\/a>\n\t\t\t<\/div><\/figure><figure class='gallery-item'>\n\t\t\t<div class='gallery-icon landscape'>\n\t\t\t\t<a href='https:\/\/archive.sana.sy\/tr\/wp-content\/uploads\/2017\/04\/6-9.jpg'><img loading=\"lazy\" decoding=\"async\" width=\"150\" height=\"100\" src=\"https:\/\/archive.sana.sy\/tr\/wp-content\/uploads\/2017\/04\/6-9-150x100.jpg\" class=\"attachment-thumbnail size-thumbnail\" alt=\"\" srcset=\"https:\/\/archive.sana.sy\/tr\/wp-content\/uploads\/2017\/04\/6-9-150x100.jpg 150w, https:\/\/archive.sana.sy\/tr\/wp-content\/uploads\/2017\/04\/6-9-300x200.jpg 300w, https:\/\/archive.sana.sy\/tr\/wp-content\/uploads\/2017\/04\/6-9-768x512.jpg 768w, https:\/\/archive.sana.sy\/tr\/wp-content\/uploads\/2017\/04\/6-9-1024x683.jpg 1024w, https:\/\/archive.sana.sy\/tr\/wp-content\/uploads\/2017\/04\/6-9-310x205.jpg 310w\" sizes=\"auto, (max-width: 150px) 100vw, 150px\" \/><\/a>\n\t\t\t<\/div><\/figure><figure class='gallery-item'>\n\t\t\t<div class='gallery-icon landscape'>\n\t\t\t\t<a href='https:\/\/archive.sana.sy\/tr\/wp-content\/uploads\/2017\/04\/7-3.jpg'><img loading=\"lazy\" decoding=\"async\" width=\"150\" height=\"100\" src=\"https:\/\/archive.sana.sy\/tr\/wp-content\/uploads\/2017\/04\/7-3-150x100.jpg\" class=\"attachment-thumbnail size-thumbnail\" alt=\"\" srcset=\"https:\/\/archive.sana.sy\/tr\/wp-content\/uploads\/2017\/04\/7-3-150x100.jpg 150w, https:\/\/archive.sana.sy\/tr\/wp-content\/uploads\/2017\/04\/7-3-300x200.jpg 300w, https:\/\/archive.sana.sy\/tr\/wp-content\/uploads\/2017\/04\/7-3-768x512.jpg 768w, https:\/\/archive.sana.sy\/tr\/wp-content\/uploads\/2017\/04\/7-3-1024x683.jpg 1024w, https:\/\/archive.sana.sy\/tr\/wp-content\/uploads\/2017\/04\/7-3-310x205.jpg 310w\" sizes=\"auto, (max-width: 150px) 100vw, 150px\" \/><\/a>\n\t\t\t<\/div><\/figure><figure class='gallery-item'>\n\t\t\t<div class='gallery-icon landscape'>\n\t\t\t\t<a href='https:\/\/archive.sana.sy\/tr\/wp-content\/uploads\/2017\/04\/8-3.jpg'><img loading=\"lazy\" decoding=\"async\" width=\"150\" height=\"100\" src=\"https:\/\/archive.sana.sy\/tr\/wp-content\/uploads\/2017\/04\/8-3-150x100.jpg\" class=\"attachment-thumbnail size-thumbnail\" alt=\"\" srcset=\"https:\/\/archive.sana.sy\/tr\/wp-content\/uploads\/2017\/04\/8-3-150x100.jpg 150w, https:\/\/archive.sana.sy\/tr\/wp-content\/uploads\/2017\/04\/8-3-300x200.jpg 300w, https:\/\/archive.sana.sy\/tr\/wp-content\/uploads\/2017\/04\/8-3-768x512.jpg 768w, https:\/\/archive.sana.sy\/tr\/wp-content\/uploads\/2017\/04\/8-3-1024x683.jpg 1024w, https:\/\/archive.sana.sy\/tr\/wp-content\/uploads\/2017\/04\/8-3-310x205.jpg 310w, https:\/\/archive.sana.sy\/tr\/wp-content\/uploads\/2017\/04\/8-3.jpg 1800w\" sizes=\"auto, (max-width: 150px) 100vw, 150px\" \/><\/a>\n\t\t\t<\/div><\/figure><figure class='gallery-item'>\n\t\t\t<div class='gallery-icon landscape'>\n\t\t\t\t<a href='https:\/\/archive.sana.sy\/tr\/wp-content\/uploads\/2017\/04\/9-2.jpg'><img loading=\"lazy\" decoding=\"async\" width=\"150\" height=\"100\" src=\"https:\/\/archive.sana.sy\/tr\/wp-content\/uploads\/2017\/04\/9-2-150x100.jpg\" class=\"attachment-thumbnail size-thumbnail\" alt=\"\" srcset=\"https:\/\/archive.sana.sy\/tr\/wp-content\/uploads\/2017\/04\/9-2-150x100.jpg 150w, https:\/\/archive.sana.sy\/tr\/wp-content\/uploads\/2017\/04\/9-2-300x200.jpg 300w, https:\/\/archive.sana.sy\/tr\/wp-content\/uploads\/2017\/04\/9-2-768x512.jpg 768w, https:\/\/archive.sana.sy\/tr\/wp-content\/uploads\/2017\/04\/9-2-1024x683.jpg 1024w, https:\/\/archive.sana.sy\/tr\/wp-content\/uploads\/2017\/04\/9-2-310x205.jpg 310w, https:\/\/archive.sana.sy\/tr\/wp-content\/uploads\/2017\/04\/9-2.jpg 1800w\" sizes=\"auto, (max-width: 150px) 100vw, 150px\" \/><\/a>\n\t\t\t<\/div><\/figure>\n\t\t<\/div>\n\n","protected":false},"excerpt":{"rendered":"<p>HALEP \u2013 \u0130dlib k\u0131rsal\u0131nda ter\u00f6r ku\u015fatmas\u0131 alt\u0131nda bulunan Fua ve Kefrayya beldelerinden 131 vatanda\u015f\u0131 ta\u015f\u0131yan 3 otob\u00fcs Halep\u2019e ula\u015ft\u0131. SANA muhabiri 131 vatanda\u015f\u0131n aras\u0131nda, ge\u00e7en Cumartesi g\u00fcn\u00fc Ra\u015fidin B\u00f6lgesinde Fua ve Kefrayya\u2019dan kurtar\u0131lan vatanda\u015flar\u0131 hedef alan bombal\u0131 ter\u00f6r sald\u0131r\u0131s\u0131nda yaralanan 37 ki\u015finin bulundu\u011funa dikkat \u00e7ekti. Muhabir yaral\u0131lar\u0131n K\u0131z\u0131lay \u00d6rg\u00fct\u00fcn\u00fcn denetimi alt\u0131nda Halep \u00dcniversitesi Hastanesine aktar\u0131l\u0131p &hellip;<\/p>\n","protected":false},"author":1,"featured_media":111711,"comment_status":"closed","ping_status":"closed","sticky":false,"template":"","format":"standard","meta":{"footnotes":""},"categories":[596,479,575,17988,478],"tags":[29097],"class_list":["post-111701","post","type-post","status-publish","format-standard","has-post-thumbnail","","category-fotografli-raporlar","category-haberler-yerel","category-olaylar-ve-gercekler","category-son-haberler","category-yerel","tag-bombali-eylem-ardindan-kacirilan-131-vatandas-halepe-ulasti"],"_links":{"self":[{"href":"https:\/\/archive.sana.sy\/tr\/index.php?rest_route=\/wp\/v2\/posts\/111701","targetHints":{"allow":["GET"]}}],"collection":[{"href":"https:\/\/archive.sana.sy\/tr\/index.php?rest_route=\/wp\/v2\/posts"}],"about":[{"href":"https:\/\/archive.sana.sy\/tr\/index.php?rest_route=\/wp\/v2\/types\/post"}],"author":[{"embeddable":true,"href":"https:\/\/archive.sana.sy\/tr\/index.php?rest_route=\/wp\/v2\/users\/1"}],"replies":[{"embeddable":true,"href":"https:\/\/archive.sana.sy\/tr\/index.php?rest_route=%2Fwp%2Fv2%2Fcomments&post=111701"}],"version-history":[{"count":0,"href":"https:\/\/archive.sana.sy\/tr\/index.php?rest_route=\/wp\/v2\/posts\/111701\/revisions"}],"wp:featuredmedia":[{"embeddable":true,"href":"https:\/\/archive.sana.sy\/tr\/index.php?rest_route=\/wp\/v2\/media\/111711"}],"wp:attachment":[{"href":"https:\/\/archive.sana.sy\/tr\/index.php?rest_route=%2Fwp%2Fv2%2Fmedia&parent=111701"}],"wp:term":[{"taxonomy":"category","embeddable":true,"href":"https:\/\/archive.sana.sy\/tr\/index.php?rest_route=%2Fwp%2Fv2%2Fcategories&post=111701"},{"taxonomy":"post_tag","embeddable":true,"href":"https:\/\/archive.sana.sy\/tr\/index.php?rest_route=%2Fwp%2Fv2%2Ftags&post=111701"}],"curies":[{"name":"wp","href":"https:\/\/api.w.org\/{rel}","templated":true}]}}