{"id":111713,"date":"2017-04-20T13:14:08","date_gmt":"2017-04-20T10:14:08","guid":{"rendered":"http:\/\/www.sana.sy\/tr\/?p=111713"},"modified":"2017-04-21T15:44:11","modified_gmt":"2017-04-21T12:44:11","slug":"hastane-ve-gecici-ikamet-merkezinde-saha-incelemelerinde-bulundular","status":"publish","type":"post","link":"https:\/\/archive.sana.sy\/tr\/?p=111713","title":{"rendered":"Hastane ve Ge\u00e7ici \u0130kamet Merkezinde Saha \u0130ncelemelerinde Bulundular"},"content":{"rendered":"<p>HALEP \u2013 Halep Valisi H\u00fcseyin Diyab ve Baas Partisi Halep \u0130l Ba\u015fkan\u0131 Faz\u0131l Neccar; Ra\u015fidin B\u00f6lgesinde Fua ve Kefrayya beldelerinden kurtar\u0131lan vatanda\u015flar\u0131 hedef alan bombal\u0131 ter\u00f6r sald\u0131r\u0131s\u0131 ard\u0131ndan ter\u00f6ristler taraf\u0131ndan ka\u00e7\u0131r\u0131lan ve d\u00fcn kurtar\u0131l\u0131p Halep \u00dcniversitesi hastanesine kald\u0131r\u0131lan yaral\u0131 vatanda\u015flar\u0131 ziyaret ettiler.<\/p>\n<p><a href=\"http:\/\/www.sana.sy\/tr\/wp-content\/uploads\/2017\/04\/2-68.jpg\"><img loading=\"lazy\" decoding=\"async\" class=\"alignright wp-image-111716 size-medium\" src=\"http:\/\/www.sana.sy\/tr\/wp-content\/uploads\/2017\/04\/2-68-300x168.jpg\" alt=\"\" width=\"300\" height=\"168\" srcset=\"https:\/\/archive.sana.sy\/tr\/wp-content\/uploads\/2017\/04\/2-68-300x168.jpg 300w, https:\/\/archive.sana.sy\/tr\/wp-content\/uploads\/2017\/04\/2-68-150x84.jpg 150w, https:\/\/archive.sana.sy\/tr\/wp-content\/uploads\/2017\/04\/2-68.jpg 660w\" sizes=\"auto, (max-width: 300px) 100vw, 300px\" \/><\/a>Yaral\u0131lar\u0131n sa\u011fl\u0131k durumu ve onlara verilen sa\u011fl\u0131k hizmetleri hakk\u0131nda bilgi alan Diyab ve Neccar; belli ba\u015fl\u0131 rejimlerin destek ve komutas\u0131ndaki ter\u00f6ristlerin ku\u015fatmas\u0131ndan kurtar\u0131lan Fua ve Kefrayya ahalilerinin yurtsever ve m\u00fccadeleci tutumlar\u0131n\u0131 \u00f6vd\u00fcler.<\/p>\n<p>Vali Diyab devletin istisnas\u0131z t\u00fcm vatanda\u015flar\u0131n\u0131n ihtiya\u00e7lar\u0131n\u0131 temin etme sorumlulu\u011fu kapsam\u0131nda Fua ve Kefrayya beldelerinden kurtar\u0131lan vatanda\u015flar i\u00e7in Te\u015frin \u00c7\u0131r\u00e7\u0131r Merkezinde 2200 odan\u0131n ge\u00e7ici ikamet i\u00e7in haz\u0131rland\u0131\u011f\u0131n\u0131 belirtti. Vatanda\u015flara yatak ve mutfak gere\u00e7lerinin de da\u011f\u0131t\u0131ld\u0131\u011f\u0131n\u0131 ifade eden Vali D\u0130yab; ayr\u0131ca muhtelif t\u00fcr g\u0131da \u00fcr\u00fcnleri i\u00e7eren kolilere ilaveten mutfak \u00f6\u011f\u00fcnleri da\u011f\u0131t\u0131ld\u0131\u011f\u0131n\u0131 kaydetti.<\/p>\n<p>Hastane ziyaretinden sonra Diyab ve Neccar ter\u00f6r ma\u011fdurlar\u0131n\u0131n ikamet ettikleri Cibrin B\u00f6lgesine de saha gezisinde bulunarak orada ikamet eden vatanda\u015flar\u0131n durumu ve temin edilen hizmetleri incelediler.<\/p>\n","protected":false},"excerpt":{"rendered":"<p>HALEP \u2013 Halep Valisi H\u00fcseyin Diyab ve Baas Partisi Halep \u0130l Ba\u015fkan\u0131 Faz\u0131l Neccar; Ra\u015fidin B\u00f6lgesinde Fua ve Kefrayya beldelerinden kurtar\u0131lan vatanda\u015flar\u0131 hedef alan bombal\u0131 ter\u00f6r sald\u0131r\u0131s\u0131 ard\u0131ndan ter\u00f6ristler taraf\u0131ndan ka\u00e7\u0131r\u0131lan ve d\u00fcn kurtar\u0131l\u0131p Halep \u00dcniversitesi hastanesine kald\u0131r\u0131lan yaral\u0131 vatanda\u015flar\u0131 ziyaret ettiler. Yaral\u0131lar\u0131n sa\u011fl\u0131k durumu ve onlara verilen sa\u011fl\u0131k hizmetleri hakk\u0131nda bilgi alan Diyab ve &hellip;<\/p>\n","protected":false},"author":1,"featured_media":111715,"comment_status":"closed","ping_status":"closed","sticky":false,"template":"","format":"standard","meta":{"footnotes":""},"categories":[479,17988,478],"tags":[21336,17128,26825,18489,19032,25671,18490,16125,18674,22882,13043,19034],"class_list":["post-111713","post","type-post","status-publish","format-standard","has-post-thumbnail","","category-haberler-yerel","category-son-haberler","category-yerel","tag-baas-partisi","tag-bombali-eylem","tag-fazil-neccar","tag-fua","tag-halep-valisi","tag-huseyin-diyab","tag-kefrayya","tag-rasidin","tag-silahli-muhalifler","tag-sivil-vatandaslar","tag-suriye-halki","tag-suriyeli-muhalifler"],"_links":{"self":[{"href":"https:\/\/archive.sana.sy\/tr\/index.php?rest_route=\/wp\/v2\/posts\/111713","targetHints":{"allow":["GET"]}}],"collection":[{"href":"https:\/\/archive.sana.sy\/tr\/index.php?rest_route=\/wp\/v2\/posts"}],"about":[{"href":"https:\/\/archive.sana.sy\/tr\/index.php?rest_route=\/wp\/v2\/types\/post"}],"author":[{"embeddable":true,"href":"https:\/\/archive.sana.sy\/tr\/index.php?rest_route=\/wp\/v2\/users\/1"}],"replies":[{"embeddable":true,"href":"https:\/\/archive.sana.sy\/tr\/index.php?rest_route=%2Fwp%2Fv2%2Fcomments&post=111713"}],"version-history":[{"count":0,"href":"https:\/\/archive.sana.sy\/tr\/index.php?rest_route=\/wp\/v2\/posts\/111713\/revisions"}],"wp:featuredmedia":[{"embeddable":true,"href":"https:\/\/archive.sana.sy\/tr\/index.php?rest_route=\/wp\/v2\/media\/111715"}],"wp:attachment":[{"href":"https:\/\/archive.sana.sy\/tr\/index.php?rest_route=%2Fwp%2Fv2%2Fmedia&parent=111713"}],"wp:term":[{"taxonomy":"category","embeddable":true,"href":"https:\/\/archive.sana.sy\/tr\/index.php?rest_route=%2Fwp%2Fv2%2Fcategories&post=111713"},{"taxonomy":"post_tag","embeddable":true,"href":"https:\/\/archive.sana.sy\/tr\/index.php?rest_route=%2Fwp%2Fv2%2Ftags&post=111713"}],"curies":[{"name":"wp","href":"https:\/\/api.w.org\/{rel}","templated":true}]}}