{"id":111733,"date":"2017-04-20T12:00:27","date_gmt":"2017-04-20T09:00:27","guid":{"rendered":"http:\/\/www.sana.sy\/tr\/?p=111733"},"modified":"2017-04-21T15:29:46","modified_gmt":"2017-04-21T12:29:46","slug":"toplanti-etkin-calismalarda-bulundu","status":"publish","type":"post","link":"https:\/\/archive.sana.sy\/tr\/?p=111733","title":{"rendered":"Toplant\u0131 Etkin \u00c7al\u0131\u015fmalarda Bulundu"},"content":{"rendered":"<p>CENEVRE \u2013 Birle\u015fmi\u015f Milletler genel sekreterinin Suriye \u00f6zel temsilcisi Staffan de Mistura; Suriye konulu Astana g\u00f6r\u00fc\u015fmelerinin garant\u00f6r devletleri Rusya, \u0130ran ve T\u00fcrkiye&#8217;nin Tahran\u2019da uzmanlar d\u00fczeyinde d\u00fczenledikleri toplant\u0131n\u0131n, Suriye&#8217;de \u00e7at\u0131\u015fmalar\u0131n durdurulmas\u0131 anla\u015fmas\u0131n\u0131n peki\u015ftirilmesi ve yap\u0131lmas\u0131 beklenen yeni Astana g\u00f6r\u00fc\u015fmeleri i\u00e7in etkin \u00e7al\u0131\u015fmalarda bulundu\u011funu belirtti.<\/p>\n<p>Bug\u00fcn Cenevre&#8217;de bas\u0131n toplant\u0131s\u0131 d\u00fczenleyen de Mistura; Tahran toplant\u0131s\u0131n\u0131n siyasi olmay\u0131p uzmanlar d\u00fczeyinde yap\u0131ld\u0131\u011f\u0131na dikkat \u00e7ekerken BM ile i\u015fbirli\u011fi i\u00e7inde etkin \u00e7al\u0131\u015fmalarda bulundu\u011funu s\u00f6yledi. De Mistura toplant\u0131da ku\u015fatma alt\u0131nda olanlar, rehine al\u0131nanlar ve may\u0131nlar\u0131n temizlenmesi meselelerinin de ele al\u0131nd\u0131\u011f\u0131na i\u015faret etti.<\/p>\n<p>De Mistura d\u00fczenlenmesi beklenen yeni Astana g\u00f6r\u00fc\u015fmelerinin de iyi ve katk\u0131l\u0131 olaca\u011f\u0131n\u0131 ifade etti.<\/p>\n<p>Rusya, ABD ve BM aras\u0131nda Cenevre&#8217;de yap\u0131lmas\u0131 beklenen Suriye konulu \u00fc\u00e7l\u00fc g\u00f6r\u00fc\u015fmelerin ertelendi\u011fini a\u00e7\u0131klayan de Mistura; bu g\u00f6r\u00fc\u015fmenin iptal edilmedi\u011fini, sadece ertleendi\u011fini s\u00f6yledi.<\/p>\n<p>De Mistura \u00f6n\u00fcm\u00fczdeki Pazartesi g\u00fcn\u00fc Rusya D\u0131\u015fi\u015fleri Bakan Yard\u0131mc\u0131s\u0131 Gennady Gatilov ile bir araya gelerek Astana ve Cenevre g\u00f6r\u00fc\u015fmelerinin seyrini ele alaca\u011f\u0131n\u0131 kaydetti.<\/p>\n","protected":false},"excerpt":{"rendered":"<p>CENEVRE \u2013 Birle\u015fmi\u015f Milletler genel sekreterinin Suriye \u00f6zel temsilcisi Staffan de Mistura; Suriye konulu Astana g\u00f6r\u00fc\u015fmelerinin garant\u00f6r devletleri Rusya, \u0130ran ve T\u00fcrkiye&#8217;nin Tahran\u2019da uzmanlar d\u00fczeyinde d\u00fczenledikleri toplant\u0131n\u0131n, Suriye&#8217;de \u00e7at\u0131\u015fmalar\u0131n durdurulmas\u0131 anla\u015fmas\u0131n\u0131n peki\u015ftirilmesi ve yap\u0131lmas\u0131 beklenen yeni Astana g\u00f6r\u00fc\u015fmeleri i\u00e7in etkin \u00e7al\u0131\u015fmalarda bulundu\u011funu belirtti. Bug\u00fcn Cenevre&#8217;de bas\u0131n toplant\u0131s\u0131 d\u00fczenleyen de Mistura; Tahran toplant\u0131s\u0131n\u0131n siyasi olmay\u0131p uzmanlar &hellip;<\/p>\n","protected":false},"author":1,"featured_media":111734,"comment_status":"closed","ping_status":"closed","sticky":false,"template":"","format":"standard","meta":{"footnotes":""},"categories":[458,459,17988],"tags":[26400,18473,29101,18472,18574],"class_list":["post-111733","post","type-post","status-publish","format-standard","has-post-thumbnail","","category-dunya1","category-haberler-arap-uluslararasi-politika","category-son-haberler","tag-astana-gorusmeleri","tag-cenevre-gorusmeleri","tag-garantor-ulkeler-toplantisi","tag-staffan-de-mistura","tag-suriye-krizi"],"_links":{"self":[{"href":"https:\/\/archive.sana.sy\/tr\/index.php?rest_route=\/wp\/v2\/posts\/111733","targetHints":{"allow":["GET"]}}],"collection":[{"href":"https:\/\/archive.sana.sy\/tr\/index.php?rest_route=\/wp\/v2\/posts"}],"about":[{"href":"https:\/\/archive.sana.sy\/tr\/index.php?rest_route=\/wp\/v2\/types\/post"}],"author":[{"embeddable":true,"href":"https:\/\/archive.sana.sy\/tr\/index.php?rest_route=\/wp\/v2\/users\/1"}],"replies":[{"embeddable":true,"href":"https:\/\/archive.sana.sy\/tr\/index.php?rest_route=%2Fwp%2Fv2%2Fcomments&post=111733"}],"version-history":[{"count":0,"href":"https:\/\/archive.sana.sy\/tr\/index.php?rest_route=\/wp\/v2\/posts\/111733\/revisions"}],"wp:featuredmedia":[{"embeddable":true,"href":"https:\/\/archive.sana.sy\/tr\/index.php?rest_route=\/wp\/v2\/media\/111734"}],"wp:attachment":[{"href":"https:\/\/archive.sana.sy\/tr\/index.php?rest_route=%2Fwp%2Fv2%2Fmedia&parent=111733"}],"wp:term":[{"taxonomy":"category","embeddable":true,"href":"https:\/\/archive.sana.sy\/tr\/index.php?rest_route=%2Fwp%2Fv2%2Fcategories&post=111733"},{"taxonomy":"post_tag","embeddable":true,"href":"https:\/\/archive.sana.sy\/tr\/index.php?rest_route=%2Fwp%2Fv2%2Ftags&post=111733"}],"curies":[{"name":"wp","href":"https:\/\/api.w.org\/{rel}","templated":true}]}}