{"id":111739,"date":"2017-04-20T10:00:40","date_gmt":"2017-04-20T07:00:40","guid":{"rendered":"http:\/\/www.sana.sy\/tr\/?p=111739"},"modified":"2017-04-21T15:29:41","modified_gmt":"2017-04-21T12:29:41","slug":"sarin-gazi-icinde-nasil-onlemsiz-dolasiyorlardi","status":"publish","type":"post","link":"https:\/\/archive.sana.sy\/tr\/?p=111739","title":{"rendered":"Sarin Gaz\u0131 \u0130\u00e7inde Nas\u0131l \u00d6nlemsiz Dola\u015f\u0131yorlard\u0131"},"content":{"rendered":"<p>MOSKOVA \u2013 Rusya Savunma Bakanl\u0131\u011f\u0131 resmi S\u00f6zc\u00fcs\u00fc T\u00fcmgeneral Igor Konashenkov; Uluslararas\u0131 Kimyasal Silahlar\u0131 Yasaklama \u00d6rg\u00fct\u00fc OPCW temsilcisinin, \u0130dlib k\u0131rsal\u0131 Han \u015eeyhun Beldesinde kimyasal silah sald\u0131r\u0131s\u0131 iddialar\u0131na ili\u015fkin bulundu\u011fu a\u00e7\u0131klamalar\u0131n bir dizi soru i\u015fareti getirdi\u011fine dikkat \u00e7ekti.<\/p>\n<p>Moskova\u2019da bug\u00fcn bas\u0131na a\u00e7\u0131klama yapan Konashenkov; OPCW\u2019nin kimyasal silahlar\u0131n yay\u0131lmas\u0131n\u0131 denetleme ve engelleme ama\u00e7l\u0131 olarak ger\u00e7ek\u00e7i ve d\u00fcr\u00fcst bir \u00f6rg\u00fct olarak kuruldu\u011funu s\u00f6yledi. Konashenkov fakat \u00f6rg\u00fct temsilcisi Ahmet \u00dcz\u00fcmc\u00fc\u2019n\u00fcn Han \u015eeyhun\u2019da kimyasal silah kullan\u0131m\u0131 iddialar\u0131na ili\u015fkin soru i\u015faretleriyle dolu a\u00e7\u0131klamalarda bulundu\u011funu s\u00f6yledi.<\/p>\n<p>OPCW\u2019nin t\u00fcm \u00e7al\u0131\u015fmalar\u0131 ve verilerinde siyasi ama\u00e7l\u0131 teori ve iddialardan uzak olup ge\u00e7eklere dayal\u0131 olmay\u0131p d\u00fcr\u00fcst, bilimsel ve ger\u00e7ek\u00e7i olmas\u0131 gere\u011finin alt\u0131n\u0131 \u00e7izen Konashenkov; \u00f6rg\u00fct\u00fcn bu gibi a\u00e7\u0131klamalar\u0131n tam sorumlulu\u011funu \u00fcstlenmesi gerekti\u011fini kaydetti.<\/p>\n<p>Konashenkov; Han \u015eeyhun\u2019da kimyasal silah kullan\u0131m\u0131 iddialar\u0131n\u0131 \u00f6ne s\u00fcren \u2018Beyaz Kaskl\u0131lar\u2019 adl\u0131 grubun sahtekarl\u0131\u011f\u0131n\u0131n daha \u00f6nce de kan\u0131tlanm\u0131\u015f oldu\u011funa i\u015faret etti. Bu iddialar\u0131n propagandas\u0131 i\u00e7in \u00e7ektikleri video g\u00f6r\u00fcnt\u00fclerde \u2018Beyaz Kaskl\u0131lar\u0131n\u2019 sarin gaz\u0131 i\u00e7inde nas\u0131l hi\u00e7bir \u00f6nlem almadan dola\u015ft\u0131klar\u0131na vurgu yapan Konashenkov; \u00dcz\u00fcmc\u00fc\u2019n\u00fcn bu a\u00e7\u0131klamalar\u0131 ile OPCW\u2019nin t\u00fcm g\u00fcvenirli\u011fini baltalamakta oldu\u011funu s\u00f6yledi.<\/p>\n<p>Konashenkov Halep\u2019te hardal gaz\u0131n\u0131n kullan\u0131ld\u0131\u011f\u0131n\u0131 d\u00f6rt aydan fazla bir s\u00fcredir tespit edemeyen OPCW\u2019nin, Han \u015eeyhun\u2019da sarin gaz\u0131n\u0131n kullan\u0131ld\u0131\u011f\u0131n\u0131 bu denli k\u0131sa bir s\u00fcre i\u00e7inde tespit etti\u011fini iddia etmesinin ku\u015fkulu oldu\u011funu ifade etti.<\/p>\n","protected":false},"excerpt":{"rendered":"<p>MOSKOVA \u2013 Rusya Savunma Bakanl\u0131\u011f\u0131 resmi S\u00f6zc\u00fcs\u00fc T\u00fcmgeneral Igor Konashenkov; Uluslararas\u0131 Kimyasal Silahlar\u0131 Yasaklama \u00d6rg\u00fct\u00fc OPCW temsilcisinin, \u0130dlib k\u0131rsal\u0131 Han \u015eeyhun Beldesinde kimyasal silah sald\u0131r\u0131s\u0131 iddialar\u0131na ili\u015fkin bulundu\u011fu a\u00e7\u0131klamalar\u0131n bir dizi soru i\u015fareti getirdi\u011fine dikkat \u00e7ekti. Moskova\u2019da bug\u00fcn bas\u0131na a\u00e7\u0131klama yapan Konashenkov; OPCW\u2019nin kimyasal silahlar\u0131n yay\u0131lmas\u0131n\u0131 denetleme ve engelleme ama\u00e7l\u0131 olarak ger\u00e7ek\u00e7i ve d\u00fcr\u00fcst bir &hellip;<\/p>\n","protected":false},"author":1,"featured_media":111740,"comment_status":"closed","ping_status":"closed","sticky":false,"template":"","format":"standard","meta":{"footnotes":""},"categories":[458,459,17988],"tags":[4383,18800,23389,17041,18386,16591,12240],"class_list":["post-111739","post","type-post","status-publish","format-standard","has-post-thumbnail","","category-dunya1","category-haberler-arap-uluslararasi-politika","category-son-haberler","tag-han-seyhun","tag-igor-konashenkov","tag-kimyasal-silah-kullanimi","tag-rusya-savunma-bakanligi","tag-sarin-gazi","tag-suriye","tag-suriye-hukumeti"],"_links":{"self":[{"href":"https:\/\/archive.sana.sy\/tr\/index.php?rest_route=\/wp\/v2\/posts\/111739","targetHints":{"allow":["GET"]}}],"collection":[{"href":"https:\/\/archive.sana.sy\/tr\/index.php?rest_route=\/wp\/v2\/posts"}],"about":[{"href":"https:\/\/archive.sana.sy\/tr\/index.php?rest_route=\/wp\/v2\/types\/post"}],"author":[{"embeddable":true,"href":"https:\/\/archive.sana.sy\/tr\/index.php?rest_route=\/wp\/v2\/users\/1"}],"replies":[{"embeddable":true,"href":"https:\/\/archive.sana.sy\/tr\/index.php?rest_route=%2Fwp%2Fv2%2Fcomments&post=111739"}],"version-history":[{"count":0,"href":"https:\/\/archive.sana.sy\/tr\/index.php?rest_route=\/wp\/v2\/posts\/111739\/revisions"}],"wp:featuredmedia":[{"embeddable":true,"href":"https:\/\/archive.sana.sy\/tr\/index.php?rest_route=\/wp\/v2\/media\/111740"}],"wp:attachment":[{"href":"https:\/\/archive.sana.sy\/tr\/index.php?rest_route=%2Fwp%2Fv2%2Fmedia&parent=111739"}],"wp:term":[{"taxonomy":"category","embeddable":true,"href":"https:\/\/archive.sana.sy\/tr\/index.php?rest_route=%2Fwp%2Fv2%2Fcategories&post=111739"},{"taxonomy":"post_tag","embeddable":true,"href":"https:\/\/archive.sana.sy\/tr\/index.php?rest_route=%2Fwp%2Fv2%2Ftags&post=111739"}],"curies":[{"name":"wp","href":"https:\/\/api.w.org\/{rel}","templated":true}]}}