{"id":111971,"date":"2017-04-23T15:15:32","date_gmt":"2017-04-23T12:15:32","guid":{"rendered":"http:\/\/www.sana.sy\/tr\/?p=111971"},"modified":"2017-04-24T13:29:37","modified_gmt":"2017-04-24T10:29:37","slug":"kadinlar-birligi-feshedildi","status":"publish","type":"post","link":"https:\/\/archive.sana.sy\/tr\/?p=111971","title":{"rendered":"Kad\u0131nlar Birli\u011fi Feshedildi"},"content":{"rendered":"<p>\u015eAM \u2013 Cumhurba\u015fkan\u0131 Be\u015f\u015far el Esad bug\u00fcn, bakanlar kurulu ve Halk Meclisinin tart\u0131\u015f\u0131p karara ba\u011flamalar\u0131 ard\u0131ndan onay i\u00e7in Cumhurba\u015fkanl\u0131\u011f\u0131na sevk etti\u011fi ve Kad\u0131nlar Birli\u011finin feshedilmesini \u00f6ng\u00f6ren 2017\/16 say\u0131l\u0131 yasama karar\u0131n\u0131 onaylad\u0131.<\/p>\n<p>Yasama karar\u0131 ayn\u0131 zamanda Kad\u0131nlar Birli\u011finde \u00e7al\u0131\u015fan kadrolu ve ge\u00e7ici t\u00fcm personellerin ilgili kamu kurumlar\u0131na ta\u015f\u0131nmalar\u0131n\u0131 \u00f6ng\u00f6r\u00fcyor. Ayn\u0131 zamanda \u00c7al\u0131\u015fma ve Sosyal \u0130\u015fler Bakanl\u0131\u011f\u0131n\u0131n Birli\u011fin misyon ve g\u00f6revlerini \u00fcstlenip bulundu\u011fu t\u00fcm \u00e7al\u0131\u015fmalar\u0131 s\u00fcrd\u00fcrmesini \u00f6ng\u00f6r\u00fcyor.<\/p>\n","protected":false},"excerpt":{"rendered":"<p>\u015eAM \u2013 Cumhurba\u015fkan\u0131 Be\u015f\u015far el Esad bug\u00fcn, bakanlar kurulu ve Halk Meclisinin tart\u0131\u015f\u0131p karara ba\u011flamalar\u0131 ard\u0131ndan onay i\u00e7in Cumhurba\u015fkanl\u0131\u011f\u0131na sevk etti\u011fi ve Kad\u0131nlar Birli\u011finin feshedilmesini \u00f6ng\u00f6ren 2017\/16 say\u0131l\u0131 yasama karar\u0131n\u0131 onaylad\u0131. Yasama karar\u0131 ayn\u0131 zamanda Kad\u0131nlar Birli\u011finde \u00e7al\u0131\u015fan kadrolu ve ge\u00e7ici t\u00fcm personellerin ilgili kamu kurumlar\u0131na ta\u015f\u0131nmalar\u0131n\u0131 \u00f6ng\u00f6r\u00fcyor. Ayn\u0131 zamanda \u00c7al\u0131\u015fma ve Sosyal \u0130\u015fler Bakanl\u0131\u011f\u0131n\u0131n &hellip;<\/p>\n","protected":false},"author":1,"featured_media":101222,"comment_status":"closed","ping_status":"closed","sticky":false,"template":"","format":"standard","meta":{"footnotes":""},"categories":[479,605,17988,612,599,478],"tags":[17256,6486,29150,24119],"class_list":["post-111971","post","type-post","status-publish","format-standard","has-post-thumbnail","","category-haberler-yerel","category-sayin-cumhurbaskani","category-son-haberler","category-yasama-kararnameler","category-yasama-ve-kanunlar","category-yerel","tag-bessar-el-esad","tag-kadinlar-birligi","tag-kadinlar-birligi-feshedildi","tag-suriye-lideri"],"_links":{"self":[{"href":"https:\/\/archive.sana.sy\/tr\/index.php?rest_route=\/wp\/v2\/posts\/111971","targetHints":{"allow":["GET"]}}],"collection":[{"href":"https:\/\/archive.sana.sy\/tr\/index.php?rest_route=\/wp\/v2\/posts"}],"about":[{"href":"https:\/\/archive.sana.sy\/tr\/index.php?rest_route=\/wp\/v2\/types\/post"}],"author":[{"embeddable":true,"href":"https:\/\/archive.sana.sy\/tr\/index.php?rest_route=\/wp\/v2\/users\/1"}],"replies":[{"embeddable":true,"href":"https:\/\/archive.sana.sy\/tr\/index.php?rest_route=%2Fwp%2Fv2%2Fcomments&post=111971"}],"version-history":[{"count":0,"href":"https:\/\/archive.sana.sy\/tr\/index.php?rest_route=\/wp\/v2\/posts\/111971\/revisions"}],"wp:featuredmedia":[{"embeddable":true,"href":"https:\/\/archive.sana.sy\/tr\/index.php?rest_route=\/wp\/v2\/media\/101222"}],"wp:attachment":[{"href":"https:\/\/archive.sana.sy\/tr\/index.php?rest_route=%2Fwp%2Fv2%2Fmedia&parent=111971"}],"wp:term":[{"taxonomy":"category","embeddable":true,"href":"https:\/\/archive.sana.sy\/tr\/index.php?rest_route=%2Fwp%2Fv2%2Fcategories&post=111971"},{"taxonomy":"post_tag","embeddable":true,"href":"https:\/\/archive.sana.sy\/tr\/index.php?rest_route=%2Fwp%2Fv2%2Ftags&post=111971"}],"curies":[{"name":"wp","href":"https:\/\/api.w.org\/{rel}","templated":true}]}}