{"id":111973,"date":"2017-04-23T15:29:52","date_gmt":"2017-04-23T12:29:52","guid":{"rendered":"http:\/\/www.sana.sy\/tr\/?p=111973"},"modified":"2017-04-24T13:29:21","modified_gmt":"2017-04-24T10:29:21","slug":"basin-ve-ozgurluk-uzerinde-odaklanildi","status":"publish","type":"post","link":"https:\/\/archive.sana.sy\/tr\/?p=111973","title":{"rendered":"Bas\u0131n ve \u00d6zg\u00fcrl\u00fck \u00dczerinde Odaklan\u0131ld\u0131"},"content":{"rendered":"<p>\u015eAM \u2013 Enformasyon Bakanl\u0131\u011f\u0131n\u0131 organize etti\u011fi \u2018Vatanda\u015f\u0131n Medyadaki Hakk\u0131\u2019 sloganl\u0131 Birinci Ulusal Konferans\u0131 ikinci g\u00fcn\u00fcnde \u00e7al\u0131\u015fmalar\u0131n\u0131 s\u00fcrd\u00fcr\u00fcrken, kat\u0131l\u0131mc\u0131lar bug\u00fcn bas\u0131n ve \u00f6zg\u00fcrl\u00fck, kaynak ve vizyon \u00fczerinde odakland\u0131.<\/p>\n<p>Konferansta Enformasyon Bakan\u0131 Muhammed Ramiz Terc\u00fcman; i\u00e7erden medya kararlar\u0131 mekanizmas\u0131n\u0131n yan\u0131 s\u0131ra bu mekanizmada kaynak ve vizyona \u0131\u015f\u0131k tuttu.<\/p>\n<p>Konferans\u0131n temel hedefinin gazetecilerin g\u00f6r\u00fc\u015f ve vizyonlar\u0131n\u0131 payla\u015fmalar\u0131 oldu\u011funa dikkat \u00e7eken Bakan Terc\u00fcman; ayn\u0131 zamanda \u00f6zel ve kamu t\u00fcm medya kurumlar\u0131 ile toplumun muhtelif kesimleri aras\u0131nda ileti\u015fim ve ba\u011flant\u0131lar\u0131 peki\u015ftirmek oldu\u011funu belirtti. Bakan Terc\u00fcman ayn\u0131 zamanda medya g\u00fcc\u00fcn\u00fcn gizemleri ve sorunlar\u0131n\u0131 ayd\u0131nlatma, mevcut olanaklar ve ko\u015fullar dahilinde engelleri kald\u0131rma d\u00fc\u015f\u00fcncelerini payla\u015fma a\u00e7\u0131s\u0131ndan da bir f\u0131rsat te\u015fkil etti\u011fini kaydetti.<\/p>\n<div id='gallery-1' class='gallery galleryid-111973 gallery-columns-3 gallery-size-thumbnail'><figure class='gallery-item'>\n\t\t\t<div class='gallery-icon landscape'>\n\t\t\t\t<a href='https:\/\/archive.sana.sy\/tr\/wp-content\/uploads\/2017\/04\/1-120.jpg'><img loading=\"lazy\" decoding=\"async\" width=\"150\" height=\"98\" src=\"https:\/\/archive.sana.sy\/tr\/wp-content\/uploads\/2017\/04\/1-120-150x98.jpg\" class=\"attachment-thumbnail size-thumbnail\" alt=\"\" srcset=\"https:\/\/archive.sana.sy\/tr\/wp-content\/uploads\/2017\/04\/1-120-150x98.jpg 150w, https:\/\/archive.sana.sy\/tr\/wp-content\/uploads\/2017\/04\/1-120-300x196.jpg 300w, https:\/\/archive.sana.sy\/tr\/wp-content\/uploads\/2017\/04\/1-120-768x502.jpg 768w, https:\/\/archive.sana.sy\/tr\/wp-content\/uploads\/2017\/04\/1-120-1024x669.jpg 1024w, https:\/\/archive.sana.sy\/tr\/wp-content\/uploads\/2017\/04\/1-120-310x205.jpg 310w\" sizes=\"auto, (max-width: 150px) 100vw, 150px\" \/><\/a>\n\t\t\t<\/div><\/figure><figure class='gallery-item'>\n\t\t\t<div class='gallery-icon landscape'>\n\t\t\t\t<a href='https:\/\/archive.sana.sy\/tr\/wp-content\/uploads\/2017\/04\/2-78.jpg'><img loading=\"lazy\" decoding=\"async\" width=\"150\" height=\"92\" src=\"https:\/\/archive.sana.sy\/tr\/wp-content\/uploads\/2017\/04\/2-78-150x92.jpg\" class=\"attachment-thumbnail size-thumbnail\" alt=\"\" srcset=\"https:\/\/archive.sana.sy\/tr\/wp-content\/uploads\/2017\/04\/2-78-150x92.jpg 150w, https:\/\/archive.sana.sy\/tr\/wp-content\/uploads\/2017\/04\/2-78-300x184.jpg 300w, https:\/\/archive.sana.sy\/tr\/wp-content\/uploads\/2017\/04\/2-78-768x472.jpg 768w, https:\/\/archive.sana.sy\/tr\/wp-content\/uploads\/2017\/04\/2-78-1024x629.jpg 1024w\" sizes=\"auto, (max-width: 150px) 100vw, 150px\" \/><\/a>\n\t\t\t<\/div><\/figure><figure class='gallery-item'>\n\t\t\t<div class='gallery-icon landscape'>\n\t\t\t\t<a href='https:\/\/archive.sana.sy\/tr\/wp-content\/uploads\/2017\/04\/3-56.jpg'><img loading=\"lazy\" decoding=\"async\" width=\"150\" height=\"100\" src=\"https:\/\/archive.sana.sy\/tr\/wp-content\/uploads\/2017\/04\/3-56-150x100.jpg\" class=\"attachment-thumbnail size-thumbnail\" alt=\"\" srcset=\"https:\/\/archive.sana.sy\/tr\/wp-content\/uploads\/2017\/04\/3-56-150x100.jpg 150w, https:\/\/archive.sana.sy\/tr\/wp-content\/uploads\/2017\/04\/3-56-300x200.jpg 300w, https:\/\/archive.sana.sy\/tr\/wp-content\/uploads\/2017\/04\/3-56-768x511.jpg 768w, https:\/\/archive.sana.sy\/tr\/wp-content\/uploads\/2017\/04\/3-56-1024x682.jpg 1024w, https:\/\/archive.sana.sy\/tr\/wp-content\/uploads\/2017\/04\/3-56-310x205.jpg 310w\" sizes=\"auto, (max-width: 150px) 100vw, 150px\" \/><\/a>\n\t\t\t<\/div><\/figure>\n\t\t<\/div>\n\n","protected":false},"excerpt":{"rendered":"<p>\u015eAM \u2013 Enformasyon Bakanl\u0131\u011f\u0131n\u0131 organize etti\u011fi \u2018Vatanda\u015f\u0131n Medyadaki Hakk\u0131\u2019 sloganl\u0131 Birinci Ulusal Konferans\u0131 ikinci g\u00fcn\u00fcnde \u00e7al\u0131\u015fmalar\u0131n\u0131 s\u00fcrd\u00fcr\u00fcrken, kat\u0131l\u0131mc\u0131lar bug\u00fcn bas\u0131n ve \u00f6zg\u00fcrl\u00fck, kaynak ve vizyon \u00fczerinde odakland\u0131. Konferansta Enformasyon Bakan\u0131 Muhammed Ramiz Terc\u00fcman; i\u00e7erden medya kararlar\u0131 mekanizmas\u0131n\u0131n yan\u0131 s\u0131ra bu mekanizmada kaynak ve vizyona \u0131\u015f\u0131k tuttu. Konferans\u0131n temel hedefinin gazetecilerin g\u00f6r\u00fc\u015f ve vizyonlar\u0131n\u0131 payla\u015fmalar\u0131 oldu\u011funa &hellip;<\/p>\n","protected":false},"author":1,"featured_media":111974,"comment_status":"closed","ping_status":"closed","sticky":false,"template":"","format":"standard","meta":{"footnotes":""},"categories":[479,17988,478],"tags":[10241,29124,25465,24229,29151],"class_list":["post-111973","post","type-post","status-publish","format-standard","has-post-thumbnail","","category-haberler-yerel","category-son-haberler","category-yerel","tag-enformasyon-bakani","tag-medya-konferansi","tag-ramiz-tercuman","tag-suriye-basini","tag-vatandasin-medyadaki-hakki"],"_links":{"self":[{"href":"https:\/\/archive.sana.sy\/tr\/index.php?rest_route=\/wp\/v2\/posts\/111973","targetHints":{"allow":["GET"]}}],"collection":[{"href":"https:\/\/archive.sana.sy\/tr\/index.php?rest_route=\/wp\/v2\/posts"}],"about":[{"href":"https:\/\/archive.sana.sy\/tr\/index.php?rest_route=\/wp\/v2\/types\/post"}],"author":[{"embeddable":true,"href":"https:\/\/archive.sana.sy\/tr\/index.php?rest_route=\/wp\/v2\/users\/1"}],"replies":[{"embeddable":true,"href":"https:\/\/archive.sana.sy\/tr\/index.php?rest_route=%2Fwp%2Fv2%2Fcomments&post=111973"}],"version-history":[{"count":0,"href":"https:\/\/archive.sana.sy\/tr\/index.php?rest_route=\/wp\/v2\/posts\/111973\/revisions"}],"wp:featuredmedia":[{"embeddable":true,"href":"https:\/\/archive.sana.sy\/tr\/index.php?rest_route=\/wp\/v2\/media\/111974"}],"wp:attachment":[{"href":"https:\/\/archive.sana.sy\/tr\/index.php?rest_route=%2Fwp%2Fv2%2Fmedia&parent=111973"}],"wp:term":[{"taxonomy":"category","embeddable":true,"href":"https:\/\/archive.sana.sy\/tr\/index.php?rest_route=%2Fwp%2Fv2%2Fcategories&post=111973"},{"taxonomy":"post_tag","embeddable":true,"href":"https:\/\/archive.sana.sy\/tr\/index.php?rest_route=%2Fwp%2Fv2%2Ftags&post=111973"}],"curies":[{"name":"wp","href":"https:\/\/api.w.org\/{rel}","templated":true}]}}