{"id":111979,"date":"2017-04-23T15:41:08","date_gmt":"2017-04-23T12:41:08","guid":{"rendered":"http:\/\/www.sana.sy\/tr\/?p=111979"},"modified":"2017-04-24T13:29:21","modified_gmt":"2017-04-24T10:29:21","slug":"kadinlari-guclendirme-projeleri-hayata-geciriliyor","status":"publish","type":"post","link":"https:\/\/archive.sana.sy\/tr\/?p=111979","title":{"rendered":"Kad\u0131nlar\u0131 G\u00fc\u00e7lendirme Projeleri Hayata Ge\u00e7iriliyor"},"content":{"rendered":"<p>S\u00dcVEYDA \u2013 Kad\u0131nlar\u0131n sosyal ve ekonomi a\u00e7\u0131dan g\u00fc\u00e7lendirilmeleri ve toplum i\u00e7indeki rollerinin peki\u015ftirilmesi amac\u0131yla Aile Planlama Kurumu S\u00fcveyda \u0130l M\u00fcd\u00fcrl\u00fc\u011f\u00fcne tabi Kad\u0131n\u0131 Kalk\u0131nd\u0131rma ve Destekleme Merkezi kad\u0131nlara muhtelif alanlarda e\u011fitim veren kurslar ba\u015flatt\u0131.<\/p>\n<p>Aile Planlamas\u0131 \u0130l M\u00fcd\u00fcr\u00fc \u0130kbal Hamit uzmanlar\u0131n denetimi ile \u00fccretsiz olarak hayata ge\u00e7irilen bu projede kad\u0131nlara uygun muhtelif meslek ve sanatlar \u00f6\u011fretildi\u011fini kaydetti. Hamit \u00f6n\u00fcm\u00fczdeki s\u00fcre\u00e7 i\u00e7inde bu \u00e7al\u0131\u015fmalar\u0131n daha da geni\u015fletilece\u011fine dikkat \u00e7ekti.<\/p>\n<div id='gallery-1' class='gallery galleryid-111979 gallery-columns-2 gallery-size-thumbnail'><figure class='gallery-item'>\n\t\t\t<div class='gallery-icon landscape'>\n\t\t\t\t<a href='https:\/\/archive.sana.sy\/tr\/wp-content\/uploads\/2017\/04\/1-121.jpg'><img loading=\"lazy\" decoding=\"async\" width=\"150\" height=\"97\" src=\"https:\/\/archive.sana.sy\/tr\/wp-content\/uploads\/2017\/04\/1-121-150x97.jpg\" class=\"attachment-thumbnail size-thumbnail\" alt=\"\" srcset=\"https:\/\/archive.sana.sy\/tr\/wp-content\/uploads\/2017\/04\/1-121-150x97.jpg 150w, https:\/\/archive.sana.sy\/tr\/wp-content\/uploads\/2017\/04\/1-121-300x194.jpg 300w, https:\/\/archive.sana.sy\/tr\/wp-content\/uploads\/2017\/04\/1-121.jpg 647w\" sizes=\"auto, (max-width: 150px) 100vw, 150px\" \/><\/a>\n\t\t\t<\/div><\/figure><figure class='gallery-item'>\n\t\t\t<div class='gallery-icon landscape'>\n\t\t\t\t<a href='https:\/\/archive.sana.sy\/tr\/wp-content\/uploads\/2017\/04\/2-79.jpg'><img loading=\"lazy\" decoding=\"async\" width=\"150\" height=\"96\" src=\"https:\/\/archive.sana.sy\/tr\/wp-content\/uploads\/2017\/04\/2-79-150x96.jpg\" class=\"attachment-thumbnail size-thumbnail\" alt=\"\" srcset=\"https:\/\/archive.sana.sy\/tr\/wp-content\/uploads\/2017\/04\/2-79-150x96.jpg 150w, https:\/\/archive.sana.sy\/tr\/wp-content\/uploads\/2017\/04\/2-79-300x191.jpg 300w, https:\/\/archive.sana.sy\/tr\/wp-content\/uploads\/2017\/04\/2-79.jpg 629w\" sizes=\"auto, (max-width: 150px) 100vw, 150px\" \/><\/a>\n\t\t\t<\/div><\/figure>\n\t\t<\/div>\n\n","protected":false},"excerpt":{"rendered":"<p>S\u00dcVEYDA \u2013 Kad\u0131nlar\u0131n sosyal ve ekonomi a\u00e7\u0131dan g\u00fc\u00e7lendirilmeleri ve toplum i\u00e7indeki rollerinin peki\u015ftirilmesi amac\u0131yla Aile Planlama Kurumu S\u00fcveyda \u0130l M\u00fcd\u00fcrl\u00fc\u011f\u00fcne tabi Kad\u0131n\u0131 Kalk\u0131nd\u0131rma ve Destekleme Merkezi kad\u0131nlara muhtelif alanlarda e\u011fitim veren kurslar ba\u015flatt\u0131. Aile Planlamas\u0131 \u0130l M\u00fcd\u00fcr\u00fc \u0130kbal Hamit uzmanlar\u0131n denetimi ile \u00fccretsiz olarak hayata ge\u00e7irilen bu projede kad\u0131nlara uygun muhtelif meslek ve sanatlar \u00f6\u011fretildi\u011fini &hellip;<\/p>\n","protected":false},"author":1,"featured_media":111980,"comment_status":"closed","ping_status":"closed","sticky":false,"template":"","format":"standard","meta":{"footnotes":""},"categories":[485,526,479,486,17988,525,478],"tags":[29152,29153,28015,28018],"class_list":["post-111979","post","type-post","status-publish","format-standard","has-post-thumbnail","","category-is-ve-sermaye","category-haber-ve-raporlar","category-haberler-yerel","category-haberler-is-ve-sermaye","category-son-haberler","category-toplum","category-yerel","tag-egitim-kurslari","tag-kadini-guclendirme","tag-kadinin-rolu","tag-suriye-kadini"],"_links":{"self":[{"href":"https:\/\/archive.sana.sy\/tr\/index.php?rest_route=\/wp\/v2\/posts\/111979","targetHints":{"allow":["GET"]}}],"collection":[{"href":"https:\/\/archive.sana.sy\/tr\/index.php?rest_route=\/wp\/v2\/posts"}],"about":[{"href":"https:\/\/archive.sana.sy\/tr\/index.php?rest_route=\/wp\/v2\/types\/post"}],"author":[{"embeddable":true,"href":"https:\/\/archive.sana.sy\/tr\/index.php?rest_route=\/wp\/v2\/users\/1"}],"replies":[{"embeddable":true,"href":"https:\/\/archive.sana.sy\/tr\/index.php?rest_route=%2Fwp%2Fv2%2Fcomments&post=111979"}],"version-history":[{"count":0,"href":"https:\/\/archive.sana.sy\/tr\/index.php?rest_route=\/wp\/v2\/posts\/111979\/revisions"}],"wp:featuredmedia":[{"embeddable":true,"href":"https:\/\/archive.sana.sy\/tr\/index.php?rest_route=\/wp\/v2\/media\/111980"}],"wp:attachment":[{"href":"https:\/\/archive.sana.sy\/tr\/index.php?rest_route=%2Fwp%2Fv2%2Fmedia&parent=111979"}],"wp:term":[{"taxonomy":"category","embeddable":true,"href":"https:\/\/archive.sana.sy\/tr\/index.php?rest_route=%2Fwp%2Fv2%2Fcategories&post=111979"},{"taxonomy":"post_tag","embeddable":true,"href":"https:\/\/archive.sana.sy\/tr\/index.php?rest_route=%2Fwp%2Fv2%2Ftags&post=111979"}],"curies":[{"name":"wp","href":"https:\/\/api.w.org\/{rel}","templated":true}]}}