{"id":111993,"date":"2017-04-24T16:00:09","date_gmt":"2017-04-24T13:00:09","guid":{"rendered":"http:\/\/www.sana.sy\/tr\/?p=111993"},"modified":"2017-04-25T14:52:41","modified_gmt":"2017-04-25T11:52:41","slug":"vaer-semtini-silahlilardan-arindirmanin-altinci-sureci-basladi","status":"publish","type":"post","link":"https:\/\/archive.sana.sy\/tr\/?p=111993","title":{"rendered":"Vaer Semtini Silahl\u0131lardan Ar\u0131nd\u0131rman\u0131n Alt\u0131nc\u0131 S\u00fcreci Ba\u015flad\u0131"},"content":{"rendered":"<p>HOMS \u2013 Homs Kentinin bat\u0131 kenarlar\u0131nda yer alan Vaer Semtini silah ve silahl\u0131lardan ar\u0131nd\u0131rma anla\u015fmas\u0131 kapsam\u0131nda bug\u00fcn semtte bulunan ve silahlar\u0131n\u0131 teslim etmeyi reddeden silahl\u0131lar\u0131n yeni bir b\u00f6l\u00fcm\u00fc Halep k\u0131rsal\u0131n\u0131n kuzeydo\u011fusuna aktar\u0131ld\u0131.<\/p>\n<p><a href=\"http:\/\/www.sana.sy\/tr\/wp-content\/uploads\/2017\/04\/DSC_1333.jpg\"><img loading=\"lazy\" decoding=\"async\" class=\"alignright wp-image-111997 size-medium\" src=\"http:\/\/www.sana.sy\/tr\/wp-content\/uploads\/2017\/04\/DSC_1333-300x199.jpg\" alt=\"\" width=\"300\" height=\"199\" srcset=\"https:\/\/archive.sana.sy\/tr\/wp-content\/uploads\/2017\/04\/DSC_1333-300x199.jpg 300w, https:\/\/archive.sana.sy\/tr\/wp-content\/uploads\/2017\/04\/DSC_1333-150x100.jpg 150w, https:\/\/archive.sana.sy\/tr\/wp-content\/uploads\/2017\/04\/DSC_1333-768x511.jpg 768w, https:\/\/archive.sana.sy\/tr\/wp-content\/uploads\/2017\/04\/DSC_1333-1024x681.jpg 1024w, https:\/\/archive.sana.sy\/tr\/wp-content\/uploads\/2017\/04\/DSC_1333-310x205.jpg 310w\" sizes=\"auto, (max-width: 300px) 100vw, 300px\" \/><\/a>Semtin tamamen silah ve silahl\u0131lardan ar\u0131nd\u0131r\u0131l\u0131p devlet kurumlar\u0131 ve hizmet \u015febekelerinin yeniden hizmete ba\u015flamas\u0131n\u0131 ama\u00e7layan anla\u015fma kapsam\u0131nda \u00e7\u0131kan silahl\u0131lar\u0131n bir k\u0131sm\u0131na aileleri de e\u015flik ettiler.<\/p>\n<p>Homs Valili\u011finde bir kaynak; anla\u015fmay\u0131 hayata ge\u00e7irmede alt\u0131nc\u0131 s\u00fcre\u00e7 say\u0131lan bu s\u00fcrecin de di\u011fer s\u00fcre\u00e7lerde oldu\u011fu gibi K\u0131z\u0131lay \u00d6rg\u00fct\u00fc, i\u00e7 g\u00fcvenlik g\u00fc\u00e7leri ve Rus polis g\u00fc\u00e7leri taraf\u0131ndan denetlendi\u011fini ifade etti.<\/p>\n<p>Kaynak ge\u00e7en Pazartesi ve Sal\u0131 g\u00fcnleri Vaer Semtinden 519 silahl\u0131n\u0131n yan\u0131 s\u0131ra aile fertlerinden ibaret y\u00fczlerce ki\u015fi otob\u00fcslerle tahliye edildi\u011fine dikkat \u00e7ekerken, silahlar\u0131n\u0131 teslim eden 544 kanun ka\u00e7a\u011f\u0131n\u0131n da 2016\/15 say\u0131l\u0131 af karar\u0131 kapsam\u0131nda kanuni durumlar\u0131 yeniden d\u00fczenlenip normal ya\u015famlar\u0131na d\u00f6nd\u00fcklerini hat\u0131rlatt\u0131.<\/p>\n<p>Homs Valisi Talal el Barazi SANA\u2019ya yapt\u0131\u011f\u0131 a\u00e7\u0131klamada; Homs Kentinin bat\u0131 kenarlar\u0131 Vaer Semtinden sabah saatlerinden itibaren ba\u015flat\u0131lan \u00e7al\u0131\u015fmalarda bir k\u0131sm\u0131 aileleriyle birlikte olmak \u00fczere 115 ter\u00f6ristin 16 otob\u00fcs ile Vaer Semtinden \u00e7\u0131kar\u0131ld\u0131klar\u0131n\u0131 belirtti. Berazi silahl\u0131lara aile fertlerinden 475 ki\u015finin e\u015flik etti\u011fini a\u00e7\u0131klad\u0131.<\/p>\n<p>Vali Berazi tahliye edilen silahl\u0131lar\u0131n Halep k\u0131rsal\u0131n\u0131n kuzeydo\u011fusuna g\u00f6nderildiklerini ifade ederken, silahlar\u0131n\u0131 teslim etmeyi reddeden silahl\u0131lar\u0131 semtten tahliye etmenin alt\u0131nc\u0131 s\u00fcrecinin devam etti\u011fini kaydetti.<\/p>\n<p>Vaer Semtini silah ve silahl\u0131lardan ar\u0131nd\u0131rma \u00e7al\u0131\u015fmalar\u0131n\u0131n \u015fu ana dek normal \u015fekilde seyir etti\u011fine dikkat \u00e7eken Vali Berazi; 13 May\u0131s tarihinde bu \u00e7al\u0131\u015fmalar\u0131n sona erece\u011fini ve semtin tamamen silah ve silahl\u0131lardan ar\u0131nd\u0131r\u0131lm\u0131\u015f olaca\u011f\u0131n\u0131 belirtti.<\/p>\n<div id='gallery-1' class='gallery galleryid-111993 gallery-columns-2 gallery-size-thumbnail'><figure class='gallery-item'>\n\t\t\t<div class='gallery-icon landscape'>\n\t\t\t\t<a href='https:\/\/archive.sana.sy\/tr\/wp-content\/uploads\/2017\/04\/DSC_1353.jpg'><img loading=\"lazy\" decoding=\"async\" width=\"150\" height=\"100\" src=\"https:\/\/archive.sana.sy\/tr\/wp-content\/uploads\/2017\/04\/DSC_1353-150x100.jpg\" class=\"attachment-thumbnail size-thumbnail\" alt=\"\" srcset=\"https:\/\/archive.sana.sy\/tr\/wp-content\/uploads\/2017\/04\/DSC_1353-150x100.jpg 150w, https:\/\/archive.sana.sy\/tr\/wp-content\/uploads\/2017\/04\/DSC_1353-300x199.jpg 300w, https:\/\/archive.sana.sy\/tr\/wp-content\/uploads\/2017\/04\/DSC_1353-768x511.jpg 768w, https:\/\/archive.sana.sy\/tr\/wp-content\/uploads\/2017\/04\/DSC_1353-1024x681.jpg 1024w, https:\/\/archive.sana.sy\/tr\/wp-content\/uploads\/2017\/04\/DSC_1353-310x205.jpg 310w\" sizes=\"auto, (max-width: 150px) 100vw, 150px\" \/><\/a>\n\t\t\t<\/div><\/figure><figure class='gallery-item'>\n\t\t\t<div class='gallery-icon landscape'>\n\t\t\t\t<a href='https:\/\/archive.sana.sy\/tr\/wp-content\/uploads\/2017\/04\/DSC_1354.jpg'><img loading=\"lazy\" decoding=\"async\" width=\"150\" height=\"102\" src=\"https:\/\/archive.sana.sy\/tr\/wp-content\/uploads\/2017\/04\/DSC_1354-150x102.jpg\" class=\"attachment-thumbnail size-thumbnail\" alt=\"\" srcset=\"https:\/\/archive.sana.sy\/tr\/wp-content\/uploads\/2017\/04\/DSC_1354-150x102.jpg 150w, https:\/\/archive.sana.sy\/tr\/wp-content\/uploads\/2017\/04\/DSC_1354-300x204.jpg 300w, https:\/\/archive.sana.sy\/tr\/wp-content\/uploads\/2017\/04\/DSC_1354-768x523.jpg 768w, https:\/\/archive.sana.sy\/tr\/wp-content\/uploads\/2017\/04\/DSC_1354-1024x697.jpg 1024w, https:\/\/archive.sana.sy\/tr\/wp-content\/uploads\/2017\/04\/DSC_1354-110x75.jpg 110w\" sizes=\"auto, (max-width: 150px) 100vw, 150px\" \/><\/a>\n\t\t\t<\/div><\/figure><figure class='gallery-item'>\n\t\t\t<div class='gallery-icon landscape'>\n\t\t\t\t<a href='https:\/\/archive.sana.sy\/tr\/wp-content\/uploads\/2017\/04\/DSC_1339.jpg'><img loading=\"lazy\" decoding=\"async\" width=\"150\" height=\"100\" src=\"https:\/\/archive.sana.sy\/tr\/wp-content\/uploads\/2017\/04\/DSC_1339-150x100.jpg\" class=\"attachment-thumbnail size-thumbnail\" alt=\"\" srcset=\"https:\/\/archive.sana.sy\/tr\/wp-content\/uploads\/2017\/04\/DSC_1339-150x100.jpg 150w, https:\/\/archive.sana.sy\/tr\/wp-content\/uploads\/2017\/04\/DSC_1339-300x199.jpg 300w, https:\/\/archive.sana.sy\/tr\/wp-content\/uploads\/2017\/04\/DSC_1339-768x511.jpg 768w, https:\/\/archive.sana.sy\/tr\/wp-content\/uploads\/2017\/04\/DSC_1339-1024x681.jpg 1024w, https:\/\/archive.sana.sy\/tr\/wp-content\/uploads\/2017\/04\/DSC_1339-310x205.jpg 310w\" sizes=\"auto, (max-width: 150px) 100vw, 150px\" \/><\/a>\n\t\t\t<\/div><\/figure><figure class='gallery-item'>\n\t\t\t<div class='gallery-icon landscape'>\n\t\t\t\t<a href='https:\/\/archive.sana.sy\/tr\/wp-content\/uploads\/2017\/04\/DSC_1340.jpg'><img loading=\"lazy\" decoding=\"async\" width=\"150\" height=\"100\" src=\"https:\/\/archive.sana.sy\/tr\/wp-content\/uploads\/2017\/04\/DSC_1340-150x100.jpg\" class=\"attachment-thumbnail size-thumbnail\" alt=\"\" srcset=\"https:\/\/archive.sana.sy\/tr\/wp-content\/uploads\/2017\/04\/DSC_1340-150x100.jpg 150w, https:\/\/archive.sana.sy\/tr\/wp-content\/uploads\/2017\/04\/DSC_1340-300x199.jpg 300w, https:\/\/archive.sana.sy\/tr\/wp-content\/uploads\/2017\/04\/DSC_1340-768x511.jpg 768w, https:\/\/archive.sana.sy\/tr\/wp-content\/uploads\/2017\/04\/DSC_1340-1024x681.jpg 1024w, https:\/\/archive.sana.sy\/tr\/wp-content\/uploads\/2017\/04\/DSC_1340-310x205.jpg 310w\" sizes=\"auto, (max-width: 150px) 100vw, 150px\" \/><\/a>\n\t\t\t<\/div><\/figure><figure class='gallery-item'>\n\t\t\t<div class='gallery-icon landscape'>\n\t\t\t\t<a href='https:\/\/archive.sana.sy\/tr\/wp-content\/uploads\/2017\/04\/DSC_1343.jpg'><img loading=\"lazy\" decoding=\"async\" width=\"150\" height=\"100\" src=\"https:\/\/archive.sana.sy\/tr\/wp-content\/uploads\/2017\/04\/DSC_1343-150x100.jpg\" class=\"attachment-thumbnail size-thumbnail\" alt=\"\" srcset=\"https:\/\/archive.sana.sy\/tr\/wp-content\/uploads\/2017\/04\/DSC_1343-150x100.jpg 150w, https:\/\/archive.sana.sy\/tr\/wp-content\/uploads\/2017\/04\/DSC_1343-300x199.jpg 300w, https:\/\/archive.sana.sy\/tr\/wp-content\/uploads\/2017\/04\/DSC_1343-768x511.jpg 768w, https:\/\/archive.sana.sy\/tr\/wp-content\/uploads\/2017\/04\/DSC_1343-1024x681.jpg 1024w, https:\/\/archive.sana.sy\/tr\/wp-content\/uploads\/2017\/04\/DSC_1343-310x205.jpg 310w\" sizes=\"auto, (max-width: 150px) 100vw, 150px\" \/><\/a>\n\t\t\t<\/div><\/figure><figure class='gallery-item'>\n\t\t\t<div class='gallery-icon landscape'>\n\t\t\t\t<a href='https:\/\/archive.sana.sy\/tr\/wp-content\/uploads\/2017\/04\/DSC_1346.jpg'><img loading=\"lazy\" decoding=\"async\" width=\"150\" height=\"100\" src=\"https:\/\/archive.sana.sy\/tr\/wp-content\/uploads\/2017\/04\/DSC_1346-150x100.jpg\" class=\"attachment-thumbnail size-thumbnail\" alt=\"\" srcset=\"https:\/\/archive.sana.sy\/tr\/wp-content\/uploads\/2017\/04\/DSC_1346-150x100.jpg 150w, https:\/\/archive.sana.sy\/tr\/wp-content\/uploads\/2017\/04\/DSC_1346-300x199.jpg 300w, https:\/\/archive.sana.sy\/tr\/wp-content\/uploads\/2017\/04\/DSC_1346-768x511.jpg 768w, https:\/\/archive.sana.sy\/tr\/wp-content\/uploads\/2017\/04\/DSC_1346-1024x681.jpg 1024w, https:\/\/archive.sana.sy\/tr\/wp-content\/uploads\/2017\/04\/DSC_1346-310x205.jpg 310w\" sizes=\"auto, (max-width: 150px) 100vw, 150px\" \/><\/a>\n\t\t\t<\/div><\/figure><figure class='gallery-item'>\n\t\t\t<div class='gallery-icon landscape'>\n\t\t\t\t<a href='https:\/\/archive.sana.sy\/tr\/wp-content\/uploads\/2017\/04\/DSC_1347.jpg'><img loading=\"lazy\" decoding=\"async\" width=\"150\" height=\"101\" src=\"https:\/\/archive.sana.sy\/tr\/wp-content\/uploads\/2017\/04\/DSC_1347-150x101.jpg\" class=\"attachment-thumbnail size-thumbnail\" alt=\"\" srcset=\"https:\/\/archive.sana.sy\/tr\/wp-content\/uploads\/2017\/04\/DSC_1347-150x101.jpg 150w, https:\/\/archive.sana.sy\/tr\/wp-content\/uploads\/2017\/04\/DSC_1347-300x203.jpg 300w, https:\/\/archive.sana.sy\/tr\/wp-content\/uploads\/2017\/04\/DSC_1347-768x519.jpg 768w, https:\/\/archive.sana.sy\/tr\/wp-content\/uploads\/2017\/04\/DSC_1347-1024x692.jpg 1024w, https:\/\/archive.sana.sy\/tr\/wp-content\/uploads\/2017\/04\/DSC_1347-110x75.jpg 110w\" sizes=\"auto, (max-width: 150px) 100vw, 150px\" \/><\/a>\n\t\t\t<\/div><\/figure><figure class='gallery-item'>\n\t\t\t<div class='gallery-icon landscape'>\n\t\t\t\t<a href='https:\/\/archive.sana.sy\/tr\/wp-content\/uploads\/2017\/04\/DSC_1348.jpg'><img loading=\"lazy\" decoding=\"async\" width=\"150\" height=\"100\" src=\"https:\/\/archive.sana.sy\/tr\/wp-content\/uploads\/2017\/04\/DSC_1348-150x100.jpg\" class=\"attachment-thumbnail size-thumbnail\" alt=\"\" srcset=\"https:\/\/archive.sana.sy\/tr\/wp-content\/uploads\/2017\/04\/DSC_1348-150x100.jpg 150w, https:\/\/archive.sana.sy\/tr\/wp-content\/uploads\/2017\/04\/DSC_1348-300x200.jpg 300w, https:\/\/archive.sana.sy\/tr\/wp-content\/uploads\/2017\/04\/DSC_1348-768x511.jpg 768w, https:\/\/archive.sana.sy\/tr\/wp-content\/uploads\/2017\/04\/DSC_1348-1024x682.jpg 1024w, https:\/\/archive.sana.sy\/tr\/wp-content\/uploads\/2017\/04\/DSC_1348-310x205.jpg 310w\" sizes=\"auto, (max-width: 150px) 100vw, 150px\" \/><\/a>\n\t\t\t<\/div><\/figure><figure class='gallery-item'>\n\t\t\t<div class='gallery-icon landscape'>\n\t\t\t\t<a href='https:\/\/archive.sana.sy\/tr\/wp-content\/uploads\/2017\/04\/DSC_1350.jpg'><img loading=\"lazy\" decoding=\"async\" width=\"150\" height=\"100\" src=\"https:\/\/archive.sana.sy\/tr\/wp-content\/uploads\/2017\/04\/DSC_1350-150x100.jpg\" class=\"attachment-thumbnail size-thumbnail\" alt=\"\" srcset=\"https:\/\/archive.sana.sy\/tr\/wp-content\/uploads\/2017\/04\/DSC_1350-150x100.jpg 150w, https:\/\/archive.sana.sy\/tr\/wp-content\/uploads\/2017\/04\/DSC_1350-300x199.jpg 300w, https:\/\/archive.sana.sy\/tr\/wp-content\/uploads\/2017\/04\/DSC_1350-768x511.jpg 768w, https:\/\/archive.sana.sy\/tr\/wp-content\/uploads\/2017\/04\/DSC_1350-1024x681.jpg 1024w, https:\/\/archive.sana.sy\/tr\/wp-content\/uploads\/2017\/04\/DSC_1350-310x205.jpg 310w\" sizes=\"auto, (max-width: 150px) 100vw, 150px\" \/><\/a>\n\t\t\t<\/div><\/figure><figure class='gallery-item'>\n\t\t\t<div class='gallery-icon landscape'>\n\t\t\t\t<a href='https:\/\/archive.sana.sy\/tr\/wp-content\/uploads\/2017\/04\/DSC_1351.jpg'><img loading=\"lazy\" decoding=\"async\" width=\"150\" height=\"100\" src=\"https:\/\/archive.sana.sy\/tr\/wp-content\/uploads\/2017\/04\/DSC_1351-150x100.jpg\" class=\"attachment-thumbnail size-thumbnail\" alt=\"\" srcset=\"https:\/\/archive.sana.sy\/tr\/wp-content\/uploads\/2017\/04\/DSC_1351-150x100.jpg 150w, https:\/\/archive.sana.sy\/tr\/wp-content\/uploads\/2017\/04\/DSC_1351-300x199.jpg 300w, https:\/\/archive.sana.sy\/tr\/wp-content\/uploads\/2017\/04\/DSC_1351-768x511.jpg 768w, https:\/\/archive.sana.sy\/tr\/wp-content\/uploads\/2017\/04\/DSC_1351-1024x681.jpg 1024w, https:\/\/archive.sana.sy\/tr\/wp-content\/uploads\/2017\/04\/DSC_1351-310x205.jpg 310w\" sizes=\"auto, (max-width: 150px) 100vw, 150px\" \/><\/a>\n\t\t\t<\/div><\/figure>\n\t\t<\/div>\n\n","protected":false},"excerpt":{"rendered":"<p>HOMS \u2013 Homs Kentinin bat\u0131 kenarlar\u0131nda yer alan Vaer Semtini silah ve silahl\u0131lardan ar\u0131nd\u0131rma anla\u015fmas\u0131 kapsam\u0131nda bug\u00fcn semtte bulunan ve silahlar\u0131n\u0131 teslim etmeyi reddeden silahl\u0131lar\u0131n yeni bir b\u00f6l\u00fcm\u00fc Halep k\u0131rsal\u0131n\u0131n kuzeydo\u011fusuna aktar\u0131ld\u0131. Semtin tamamen silah ve silahl\u0131lardan ar\u0131nd\u0131r\u0131l\u0131p devlet kurumlar\u0131 ve hizmet \u015febekelerinin yeniden hizmete ba\u015flamas\u0131n\u0131 ama\u00e7layan anla\u015fma kapsam\u0131nda \u00e7\u0131kan silahl\u0131lar\u0131n bir k\u0131sm\u0131na aileleri de &hellip;<\/p>\n","protected":false},"author":1,"featured_media":111996,"comment_status":"closed","ping_status":"closed","sticky":false,"template":"","format":"standard","meta":{"footnotes":""},"categories":[596,479,575,17988,478],"tags":[16865,29158,10972,6487,18574,19043,19034,4076,29159,18258],"class_list":["post-111993","post","type-post","status-publish","format-standard","has-post-thumbnail","","category-fotografli-raporlar","category-haberler-yerel","category-olaylar-ve-gercekler","category-son-haberler","category-yerel","tag-homs-kenti","tag-silahlilari-tahliye-etme","tag-siyasi-cozum","tag-suriye-kizilayi","tag-suriye-krizi","tag-suriyede-son-durum","tag-suriyeli-muhalifler","tag-terorle-mucadele","tag-uzlasma-cabalari","tag-vaer-semti"],"_links":{"self":[{"href":"https:\/\/archive.sana.sy\/tr\/index.php?rest_route=\/wp\/v2\/posts\/111993","targetHints":{"allow":["GET"]}}],"collection":[{"href":"https:\/\/archive.sana.sy\/tr\/index.php?rest_route=\/wp\/v2\/posts"}],"about":[{"href":"https:\/\/archive.sana.sy\/tr\/index.php?rest_route=\/wp\/v2\/types\/post"}],"author":[{"embeddable":true,"href":"https:\/\/archive.sana.sy\/tr\/index.php?rest_route=\/wp\/v2\/users\/1"}],"replies":[{"embeddable":true,"href":"https:\/\/archive.sana.sy\/tr\/index.php?rest_route=%2Fwp%2Fv2%2Fcomments&post=111993"}],"version-history":[{"count":0,"href":"https:\/\/archive.sana.sy\/tr\/index.php?rest_route=\/wp\/v2\/posts\/111993\/revisions"}],"wp:featuredmedia":[{"embeddable":true,"href":"https:\/\/archive.sana.sy\/tr\/index.php?rest_route=\/wp\/v2\/media\/111996"}],"wp:attachment":[{"href":"https:\/\/archive.sana.sy\/tr\/index.php?rest_route=%2Fwp%2Fv2%2Fmedia&parent=111993"}],"wp:term":[{"taxonomy":"category","embeddable":true,"href":"https:\/\/archive.sana.sy\/tr\/index.php?rest_route=%2Fwp%2Fv2%2Fcategories&post=111993"},{"taxonomy":"post_tag","embeddable":true,"href":"https:\/\/archive.sana.sy\/tr\/index.php?rest_route=%2Fwp%2Fv2%2Ftags&post=111993"}],"curies":[{"name":"wp","href":"https:\/\/api.w.org\/{rel}","templated":true}]}}