{"id":112010,"date":"2017-04-24T12:00:36","date_gmt":"2017-04-24T09:00:36","guid":{"rendered":"http:\/\/www.sana.sy\/tr\/?p=112010"},"modified":"2017-04-25T14:53:22","modified_gmt":"2017-04-25T11:53:22","slug":"borclarini-odeyenler-faiz-ve-cezalardan-muaf-tutulacaklar","status":"publish","type":"post","link":"https:\/\/archive.sana.sy\/tr\/?p=112010","title":{"rendered":"Bor\u00e7lar\u0131n\u0131 \u00d6deyenler Faiz ve Cezalardan Muaf Tutulacaklar"},"content":{"rendered":"<p>\u015eAM \u2013 Cumhurba\u015fkan\u0131 Be\u015f\u015far el Esad bug\u00fcn; Suriye Telekom\u00fcnikasyon \u015eirketine bor\u00e7lar\u0131 olanlar\u0131n bu bor\u00e7lar\u0131n\u0131 pe\u015fin ya da takside b\u00f6l\u00fcp \u00f6demeleri halinde faiz ve cezalardan muaf tutulmalar\u0131n\u0131 \u00f6ng\u00f6ren 2017\/17 say\u0131l\u0131 yasama karar\u0131n\u0131 onaylad\u0131.<\/p>\n<p>Yasama karar\u0131nda bor\u00e7lular\u0131n bor\u00e7lar\u0131n\u0131n en az yar\u0131s\u0131n\u0131 pe\u015fin ya da taksitle \u00f6demeleri halinde aboneliklerinin d\u00fczenlemelere uygun \u015fekilde devam etmesini de \u00f6ng\u00f6r\u00fcyor.<\/p>\n","protected":false},"excerpt":{"rendered":"<p>\u015eAM \u2013 Cumhurba\u015fkan\u0131 Be\u015f\u015far el Esad bug\u00fcn; Suriye Telekom\u00fcnikasyon \u015eirketine bor\u00e7lar\u0131 olanlar\u0131n bu bor\u00e7lar\u0131n\u0131 pe\u015fin ya da takside b\u00f6l\u00fcp \u00f6demeleri halinde faiz ve cezalardan muaf tutulmalar\u0131n\u0131 \u00f6ng\u00f6ren 2017\/17 say\u0131l\u0131 yasama karar\u0131n\u0131 onaylad\u0131. Yasama karar\u0131nda bor\u00e7lular\u0131n bor\u00e7lar\u0131n\u0131n en az yar\u0131s\u0131n\u0131 pe\u015fin ya da taksitle \u00f6demeleri halinde aboneliklerinin d\u00fczenlemelere uygun \u015fekilde devam etmesini de \u00f6ng\u00f6r\u00fcyor.<\/p>\n","protected":false},"author":1,"featured_media":112014,"comment_status":"closed","ping_status":"closed","sticky":false,"template":"","format":"standard","meta":{"footnotes":""},"categories":[479,605,17988,612,599,478],"tags":[18363,17256,29163,26669,16591,29164,16714],"class_list":["post-112010","post","type-post","status-publish","format-standard","has-post-thumbnail","","category-haberler-yerel","category-sayin-cumhurbaskani","category-son-haberler","category-yasama-kararnameler","category-yasama-ve-kanunlar","category-yerel","tag-af-karari","tag-bessar-el-esad","tag-fatura-borclari","tag-iletisim-sirketi","tag-suriye","tag-telekomunikasyon","tag-yasama-karari"],"_links":{"self":[{"href":"https:\/\/archive.sana.sy\/tr\/index.php?rest_route=\/wp\/v2\/posts\/112010","targetHints":{"allow":["GET"]}}],"collection":[{"href":"https:\/\/archive.sana.sy\/tr\/index.php?rest_route=\/wp\/v2\/posts"}],"about":[{"href":"https:\/\/archive.sana.sy\/tr\/index.php?rest_route=\/wp\/v2\/types\/post"}],"author":[{"embeddable":true,"href":"https:\/\/archive.sana.sy\/tr\/index.php?rest_route=\/wp\/v2\/users\/1"}],"replies":[{"embeddable":true,"href":"https:\/\/archive.sana.sy\/tr\/index.php?rest_route=%2Fwp%2Fv2%2Fcomments&post=112010"}],"version-history":[{"count":0,"href":"https:\/\/archive.sana.sy\/tr\/index.php?rest_route=\/wp\/v2\/posts\/112010\/revisions"}],"wp:featuredmedia":[{"embeddable":true,"href":"https:\/\/archive.sana.sy\/tr\/index.php?rest_route=\/wp\/v2\/media\/112014"}],"wp:attachment":[{"href":"https:\/\/archive.sana.sy\/tr\/index.php?rest_route=%2Fwp%2Fv2%2Fmedia&parent=112010"}],"wp:term":[{"taxonomy":"category","embeddable":true,"href":"https:\/\/archive.sana.sy\/tr\/index.php?rest_route=%2Fwp%2Fv2%2Fcategories&post=112010"},{"taxonomy":"post_tag","embeddable":true,"href":"https:\/\/archive.sana.sy\/tr\/index.php?rest_route=%2Fwp%2Fv2%2Ftags&post=112010"}],"curies":[{"name":"wp","href":"https:\/\/api.w.org\/{rel}","templated":true}]}}