{"id":112016,"date":"2017-04-24T12:20:06","date_gmt":"2017-04-24T09:20:06","guid":{"rendered":"http:\/\/www.sana.sy\/tr\/?p=112016"},"modified":"2017-04-25T14:28:46","modified_gmt":"2017-04-25T11:28:46","slug":"maduro-ve-sarkisyandan-el-esada-kutlama-mesajlari","status":"publish","type":"post","link":"https:\/\/archive.sana.sy\/tr\/?p=112016","title":{"rendered":"Maduro ve Sarkisyan\u2019dan el Esad\u2019a Kutlama Mesajlar\u0131"},"content":{"rendered":"<p>\u015eAM \u2013 Cumhurba\u015fkan\u0131 Be\u015f\u015far el Esad Suriye&#8217;nin kurtulu\u015f bayram\u0131n\u0131n 71. Y\u0131ld\u00f6n\u00fcm\u00fc m\u00fcnasebetiyle devlet ba\u015fkanlar\u0131ndan kutlama mesajlar\u0131 almaya devam ederken son olarak Venez\u00fcella Ba\u015fkan\u0131 Nicolas Maduro ve Ermenistan Ba\u015fkan\u0131 Serge Sarkisian\u2019dan ayr\u0131 ayr\u0131 birer kutlama mesaj\u0131 ald\u0131.<\/p>\n<p>Maduro ve Sarkisyan kendileri ve \u00fclkeleri ad\u0131na Cumhurba\u015fkan\u0131 el Esad ve Suriye halk\u0131na g\u00fczel temennilerde bulunurlarken, Suriye&#8217;nin 71 y\u0131l \u00f6nce emperyalist s\u00f6m\u00fcr\u00fcc\u00fc g\u00fc\u00e7lere kar\u015f\u0131 zafer kazan\u0131p kurtulu\u015funu ilan etti\u011fi gibi g\u00fcn\u00fcm\u00fczde de s\u00f6m\u00fcr\u00fcc\u00fc ve hegemonyac\u0131 g\u00fc\u00e7lerin edat olarak kulland\u0131klar\u0131 ter\u00f6re kar\u015f\u0131 yine \u015fanl\u0131 bir zafer kazanaca\u011f\u0131n\u0131 ifade ettiler.<\/p>\n<p>Maduro ve Sarkisyan Suriye&#8217;nin y\u00f6netimi, halk\u0131 ve ordusuyla bug\u00fcn d\u0131\u015f g\u00fc\u00e7lerin ter\u00f6r arac\u0131l\u0131\u011f\u0131 ile Suriye&#8217;yi par\u00e7alama ve hegemonya alt\u0131na alma planlar\u0131na kar\u015f\u0131 cesur ve \u015fanl\u0131 bir m\u00fccadele verdiklerini kaydettiler.<\/p>\n<p>Suriye&#8217;nin krizin siyasi \u00e7\u00f6z\u00fcm\u00fc y\u00f6n\u00fcnde harcad\u0131\u011f\u0131 \u00e7abalara desteklerini ifade eden iki devlet ba\u015fkan\u0131, \u00fclkeleri ile Suriye aras\u0131ndaki dostluk ili\u015fkilerini daha da peki\u015ftirme umutlar\u0131n\u0131 belirttiler.<\/p>\n","protected":false},"excerpt":{"rendered":"<p>\u015eAM \u2013 Cumhurba\u015fkan\u0131 Be\u015f\u015far el Esad Suriye&#8217;nin kurtulu\u015f bayram\u0131n\u0131n 71. Y\u0131ld\u00f6n\u00fcm\u00fc m\u00fcnasebetiyle devlet ba\u015fkanlar\u0131ndan kutlama mesajlar\u0131 almaya devam ederken son olarak Venez\u00fcella Ba\u015fkan\u0131 Nicolas Maduro ve Ermenistan Ba\u015fkan\u0131 Serge Sarkisian\u2019dan ayr\u0131 ayr\u0131 birer kutlama mesaj\u0131 ald\u0131. Maduro ve Sarkisyan kendileri ve \u00fclkeleri ad\u0131na Cumhurba\u015fkan\u0131 el Esad ve Suriye halk\u0131na g\u00fczel temennilerde bulunurlarken, Suriye&#8217;nin 71 y\u0131l &hellip;<\/p>\n","protected":false},"author":1,"featured_media":112019,"comment_status":"closed","ping_status":"closed","sticky":false,"template":"","format":"standard","meta":{"footnotes":""},"categories":[479,605,17988,613,478],"tags":[17256,8826,25936,29033,29149,29172,29169,29170,16591,24119,28143,29171,24018],"class_list":["post-112016","post","type-post","status-publish","format-standard","has-post-thumbnail","","category-haberler-yerel","category-sayin-cumhurbaskani","category-son-haberler","category-telgraflar","category-yerel","tag-bessar-el-esad","tag-ermenistan","tag-esada-mesaj","tag-kurtulus-bayrami","tag-kutlama-mesaji","tag-maduro-ve-sarkisyandan-el-esada-kutlama-mesajlari","tag-nicolas-maduro","tag-serge-sarkisian","tag-suriye","tag-suriye-lideri","tag-suriye-ve-ermenistan","tag-suriye-ve-venezuella","tag-venezuella"],"_links":{"self":[{"href":"https:\/\/archive.sana.sy\/tr\/index.php?rest_route=\/wp\/v2\/posts\/112016","targetHints":{"allow":["GET"]}}],"collection":[{"href":"https:\/\/archive.sana.sy\/tr\/index.php?rest_route=\/wp\/v2\/posts"}],"about":[{"href":"https:\/\/archive.sana.sy\/tr\/index.php?rest_route=\/wp\/v2\/types\/post"}],"author":[{"embeddable":true,"href":"https:\/\/archive.sana.sy\/tr\/index.php?rest_route=\/wp\/v2\/users\/1"}],"replies":[{"embeddable":true,"href":"https:\/\/archive.sana.sy\/tr\/index.php?rest_route=%2Fwp%2Fv2%2Fcomments&post=112016"}],"version-history":[{"count":0,"href":"https:\/\/archive.sana.sy\/tr\/index.php?rest_route=\/wp\/v2\/posts\/112016\/revisions"}],"wp:featuredmedia":[{"embeddable":true,"href":"https:\/\/archive.sana.sy\/tr\/index.php?rest_route=\/wp\/v2\/media\/112019"}],"wp:attachment":[{"href":"https:\/\/archive.sana.sy\/tr\/index.php?rest_route=%2Fwp%2Fv2%2Fmedia&parent=112016"}],"wp:term":[{"taxonomy":"category","embeddable":true,"href":"https:\/\/archive.sana.sy\/tr\/index.php?rest_route=%2Fwp%2Fv2%2Fcategories&post=112016"},{"taxonomy":"post_tag","embeddable":true,"href":"https:\/\/archive.sana.sy\/tr\/index.php?rest_route=%2Fwp%2Fv2%2Ftags&post=112016"}],"curies":[{"name":"wp","href":"https:\/\/api.w.org\/{rel}","templated":true}]}}