{"id":112021,"date":"2017-04-24T14:42:54","date_gmt":"2017-04-24T11:42:54","guid":{"rendered":"http:\/\/www.sana.sy\/tr\/?p=112021"},"modified":"2017-04-25T14:52:50","modified_gmt":"2017-04-25T11:52:50","slug":"kayiplarini-ortbas-etme-saldirilari-devam-ediyor","status":"publish","type":"post","link":"https:\/\/archive.sana.sy\/tr\/?p=112021","title":{"rendered":"Kay\u0131plar\u0131n\u0131 \u00d6rtbas Etme Sald\u0131r\u0131lar\u0131 Devam Ediyor"},"content":{"rendered":"<p>\u015eAM \u2013 Ordu birliklerimizin kar\u015f\u0131s\u0131nda verdikleri a\u011f\u0131r kay\u0131plar\u0131 \u00f6rtbas etme ve saflar\u0131ndaki moral \u00e7\u00f6k\u00fc\u015f\u00fcn\u00fc engelleme amac\u0131yla d\u0131\u015f g\u00fc\u00e7lere tabi ter\u00f6ristlerin sivil b\u00f6lgelere sald\u0131r\u0131lar\u0131 bug\u00fcn de devam etti.<\/p>\n<p>\u015eam Emniyet M\u00fcd\u00fcrl\u00fc\u011f\u00fcnde bir kaynak SANA\u2019ya a\u00e7\u0131klamalar\u0131nda \u015eam k\u0131rsal\u0131 Do\u011fu \u011euta B\u00f6lgesinde bulunan ter\u00f6ristlerin bug\u00fcn \u00f6\u011flen saatlerinde ba\u015fkentin Beramke Semtini 2 f\u00fczeyle hedef ald\u0131klar\u0131n\u0131 belirtti. Kaynak ter\u00f6r f\u00fczelerinde be\u015feri isabetlerin olmad\u0131\u011f\u0131n\u0131, fakat \u00f6zel ve kamu m\u00fclklerde maddi hasar meydana geldi\u011fine i\u015faret etti.<\/p>\n<p>Ter\u00f6ristlerin d\u00fcn de ba\u015fkentin sivil yerle\u015fim alanlar\u0131na f\u00fczelerle sald\u0131rd\u0131klar\u0131na dikkat \u00e7eken kaynak, d\u00fcn R\u00fckneddin Semtini hedef alan f\u00fcze sald\u0131r\u0131lar\u0131nda 2 vatanda\u015f\u0131n yaraland\u0131\u011f\u0131n\u0131 kaydetti.<\/p>\n","protected":false},"excerpt":{"rendered":"<p>\u015eAM \u2013 Ordu birliklerimizin kar\u015f\u0131s\u0131nda verdikleri a\u011f\u0131r kay\u0131plar\u0131 \u00f6rtbas etme ve saflar\u0131ndaki moral \u00e7\u00f6k\u00fc\u015f\u00fcn\u00fc engelleme amac\u0131yla d\u0131\u015f g\u00fc\u00e7lere tabi ter\u00f6ristlerin sivil b\u00f6lgelere sald\u0131r\u0131lar\u0131 bug\u00fcn de devam etti. \u015eam Emniyet M\u00fcd\u00fcrl\u00fc\u011f\u00fcnde bir kaynak SANA\u2019ya a\u00e7\u0131klamalar\u0131nda \u015eam k\u0131rsal\u0131 Do\u011fu \u011euta B\u00f6lgesinde bulunan ter\u00f6ristlerin bug\u00fcn \u00f6\u011flen saatlerinde ba\u015fkentin Beramke Semtini 2 f\u00fczeyle hedef ald\u0131klar\u0131n\u0131 belirtti. Kaynak ter\u00f6r f\u00fczelerinde &hellip;<\/p>\n","protected":false},"author":1,"featured_media":112023,"comment_status":"closed","ping_status":"closed","sticky":false,"template":"","format":"standard","meta":{"footnotes":""},"categories":[479,575,17988,478],"tags":[3464,18237,17322,17274,17273,18347,2755,18174,19043,19034,20931,29173],"class_list":["post-112021","post","type-post","status-publish","format-standard","has-post-thumbnail","","category-haberler-yerel","category-olaylar-ve-gercekler","category-son-haberler","category-yerel","tag-nusra-cephesi","tag-cihatcilar","tag-dogu-guta","tag-fuze-saldirisi","tag-havan-saldirisi","tag-oso","tag-sam","tag-sivillere-saldiri","tag-suriyede-son-durum","tag-suriyeli-muhalifler","tag-vatandaslara-saldiri","tag-yerlesim-alanlarina-saldiri"],"_links":{"self":[{"href":"https:\/\/archive.sana.sy\/tr\/index.php?rest_route=\/wp\/v2\/posts\/112021","targetHints":{"allow":["GET"]}}],"collection":[{"href":"https:\/\/archive.sana.sy\/tr\/index.php?rest_route=\/wp\/v2\/posts"}],"about":[{"href":"https:\/\/archive.sana.sy\/tr\/index.php?rest_route=\/wp\/v2\/types\/post"}],"author":[{"embeddable":true,"href":"https:\/\/archive.sana.sy\/tr\/index.php?rest_route=\/wp\/v2\/users\/1"}],"replies":[{"embeddable":true,"href":"https:\/\/archive.sana.sy\/tr\/index.php?rest_route=%2Fwp%2Fv2%2Fcomments&post=112021"}],"version-history":[{"count":0,"href":"https:\/\/archive.sana.sy\/tr\/index.php?rest_route=\/wp\/v2\/posts\/112021\/revisions"}],"wp:featuredmedia":[{"embeddable":true,"href":"https:\/\/archive.sana.sy\/tr\/index.php?rest_route=\/wp\/v2\/media\/112023"}],"wp:attachment":[{"href":"https:\/\/archive.sana.sy\/tr\/index.php?rest_route=%2Fwp%2Fv2%2Fmedia&parent=112021"}],"wp:term":[{"taxonomy":"category","embeddable":true,"href":"https:\/\/archive.sana.sy\/tr\/index.php?rest_route=%2Fwp%2Fv2%2Fcategories&post=112021"},{"taxonomy":"post_tag","embeddable":true,"href":"https:\/\/archive.sana.sy\/tr\/index.php?rest_route=%2Fwp%2Fv2%2Ftags&post=112021"}],"curies":[{"name":"wp","href":"https:\/\/api.w.org\/{rel}","templated":true}]}}