{"id":112022,"date":"2017-04-24T14:52:31","date_gmt":"2017-04-24T11:52:31","guid":{"rendered":"http:\/\/www.sana.sy\/tr\/?p=112022"},"modified":"2017-04-25T14:28:54","modified_gmt":"2017-04-25T11:28:54","slug":"ordu-birliklerimiz-dis-destekli-terore-karsi-zaferlerini-surduruyor","status":"publish","type":"post","link":"https:\/\/archive.sana.sy\/tr\/?p=112022","title":{"rendered":"Ordu Birliklerimiz D\u0131\u015f Destekli Ter\u00f6re Kar\u015f\u0131 Zaferlerini S\u00fcrd\u00fcr\u00fcyor"},"content":{"rendered":"<p>HAMA \u2013 Ordu birliklerimiz d\u0131\u015f destekli ter\u00f6r \u00f6rg\u00fctlere kar\u015f\u0131 zaferlerini s\u00fcrd\u00fcr\u00fcrlerken bu \u00e7etelerin sald\u0131r\u0131lar\u0131n\u0131 \u00e7\u00f6kertme ve onlar\u0131 a\u011f\u0131r kay\u0131plara u\u011fratmaya devam ediyor<\/p>\n<p>Askeri kaynak ordu birliklerimizin Hama k\u0131rsal\u0131n\u0131n g\u00fcneyinde Hurbinafsuh ekseninden Zara beldesi ve Zara Elektrik \u0130stasyonu yak\u0131nlar\u0131nda askeri noktalara sald\u0131r\u0131 giri\u015fiminde bulunan Nusra Cepheli radikal ter\u00f6ristleri a\u011f\u0131r kay\u0131plara u\u011fratarak geri p\u00fcsk\u00fcrtt\u00fcklerini ifade etti.<\/p>\n<p>Kaynak top\u00e7u birliklerimizin de destekledikleri operasyonlarda tekfirci \u00e7etelerin say\u0131 ve ekipmanlar\u0131yla ciddi kay\u0131plara u\u011frat\u0131ld\u0131klar\u0131n\u0131 kaydetti.<\/p>\n","protected":false},"excerpt":{"rendered":"<p>HAMA \u2013 Ordu birliklerimiz d\u0131\u015f destekli ter\u00f6r \u00f6rg\u00fctlere kar\u015f\u0131 zaferlerini s\u00fcrd\u00fcr\u00fcrlerken bu \u00e7etelerin sald\u0131r\u0131lar\u0131n\u0131 \u00e7\u00f6kertme ve onlar\u0131 a\u011f\u0131r kay\u0131plara u\u011fratmaya devam ediyor Askeri kaynak ordu birliklerimizin Hama k\u0131rsal\u0131n\u0131n g\u00fcneyinde Hurbinafsuh ekseninden Zara beldesi ve Zara Elektrik \u0130stasyonu yak\u0131nlar\u0131nda askeri noktalara sald\u0131r\u0131 giri\u015fiminde bulunan Nusra Cepheli radikal ter\u00f6ristleri a\u011f\u0131r kay\u0131plara u\u011fratarak geri p\u00fcsk\u00fcrtt\u00fcklerini ifade etti. Kaynak &hellip;<\/p>\n","protected":false},"author":1,"featured_media":112028,"comment_status":"closed","ping_status":"closed","sticky":false,"template":"","format":"standard","meta":{"footnotes":""},"categories":[479,575,17988,478],"tags":[3464,18365,29174,18237,18576,18577,18580,2318,18347,18674,23837,18574,11549,19043,19325,19034,28327,4076],"class_list":["post-112022","post","type-post","status-publish","format-standard","has-post-thumbnail","","category-haberler-yerel","category-olaylar-ve-gercekler","category-son-haberler","category-yerel","tag-nusra-cephesi","tag-ahrar-el-sam","tag-cihatciar","tag-cihatcilar","tag-daes","tag-deas","tag-hama-kirsali","tag-isid","tag-oso","tag-silahli-muhalifler","tag-suriye-gercekleri","tag-suriye-krizi","tag-suriye-ordusu","tag-suriyede-son-durum","tag-suriyeli-devrimciler","tag-suriyeli-muhalifler","tag-tahrir-el-sam","tag-terorle-mucadele"],"_links":{"self":[{"href":"https:\/\/archive.sana.sy\/tr\/index.php?rest_route=\/wp\/v2\/posts\/112022","targetHints":{"allow":["GET"]}}],"collection":[{"href":"https:\/\/archive.sana.sy\/tr\/index.php?rest_route=\/wp\/v2\/posts"}],"about":[{"href":"https:\/\/archive.sana.sy\/tr\/index.php?rest_route=\/wp\/v2\/types\/post"}],"author":[{"embeddable":true,"href":"https:\/\/archive.sana.sy\/tr\/index.php?rest_route=\/wp\/v2\/users\/1"}],"replies":[{"embeddable":true,"href":"https:\/\/archive.sana.sy\/tr\/index.php?rest_route=%2Fwp%2Fv2%2Fcomments&post=112022"}],"version-history":[{"count":0,"href":"https:\/\/archive.sana.sy\/tr\/index.php?rest_route=\/wp\/v2\/posts\/112022\/revisions"}],"wp:featuredmedia":[{"embeddable":true,"href":"https:\/\/archive.sana.sy\/tr\/index.php?rest_route=\/wp\/v2\/media\/112028"}],"wp:attachment":[{"href":"https:\/\/archive.sana.sy\/tr\/index.php?rest_route=%2Fwp%2Fv2%2Fmedia&parent=112022"}],"wp:term":[{"taxonomy":"category","embeddable":true,"href":"https:\/\/archive.sana.sy\/tr\/index.php?rest_route=%2Fwp%2Fv2%2Fcategories&post=112022"},{"taxonomy":"post_tag","embeddable":true,"href":"https:\/\/archive.sana.sy\/tr\/index.php?rest_route=%2Fwp%2Fv2%2Ftags&post=112022"}],"curies":[{"name":"wp","href":"https:\/\/api.w.org\/{rel}","templated":true}]}}