{"id":112042,"date":"2017-04-25T09:00:51","date_gmt":"2017-04-25T06:00:51","guid":{"rendered":"http:\/\/www.sana.sy\/tr\/?p=112042"},"modified":"2017-04-26T14:49:02","modified_gmt":"2017-04-26T11:49:02","slug":"kazakistan-tum-taraflarin-katilmasini-umut-ediyor","status":"publish","type":"post","link":"https:\/\/archive.sana.sy\/tr\/?p=112042","title":{"rendered":"Kazakistan, T\u00fcm Taraflar\u0131n Kat\u0131lmas\u0131n\u0131 Umut Ediyor"},"content":{"rendered":"<p>ASTANA \u2013 Kazakistan D\u0131\u015fi\u015fleri Bakanl\u0131\u011f\u0131; 3 ila 4 May\u0131s tarihlerinde Astana\u2019da yap\u0131lacak Suriye konulu g\u00f6r\u00fc\u015fmelere t\u00fcm taraflar\u0131n temsilcilerinin kat\u0131lmas\u0131 umudunu ifade etti.<\/p>\n<p>Kazakistan D\u0131\u015fi\u015fleri Bakan Yard\u0131mc\u0131s\u0131 Muhtar Tleuberdi Sputnik Ajans\u0131n\u0131n aktard\u0131\u011f\u0131 a\u00e7\u0131klamalar\u0131nda bug\u00fcn, Astana g\u00f6r\u00fc\u015fmeleri i\u00e7in gerekli t\u00fcm haz\u0131rl\u0131klar\u0131n yap\u0131ld\u0131\u011f\u0131n\u0131 ifade ederken, t\u00fcm taraflar\u0131n y\u00fcksek d\u00fczeyde kat\u0131l\u0131m sa\u011flamalar\u0131 temennilerinde bulundu. Tleuberdi g\u00f6r\u00fc\u015fmelerin uzmanlar d\u00fczeyinde olaca\u011f\u0131n\u0131 kaydederken 3 garant\u00f6r devletin yan\u0131 s\u0131ra Suriye h\u00fck\u00fcmeti ve muhalefet temsilcilerinin kat\u0131lmas\u0131 beklendi\u011fini s\u00f6yledi.<\/p>\n","protected":false},"excerpt":{"rendered":"<p>ASTANA \u2013 Kazakistan D\u0131\u015fi\u015fleri Bakanl\u0131\u011f\u0131; 3 ila 4 May\u0131s tarihlerinde Astana\u2019da yap\u0131lacak Suriye konulu g\u00f6r\u00fc\u015fmelere t\u00fcm taraflar\u0131n temsilcilerinin kat\u0131lmas\u0131 umudunu ifade etti. Kazakistan D\u0131\u015fi\u015fleri Bakan Yard\u0131mc\u0131s\u0131 Muhtar Tleuberdi Sputnik Ajans\u0131n\u0131n aktard\u0131\u011f\u0131 a\u00e7\u0131klamalar\u0131nda bug\u00fcn, Astana g\u00f6r\u00fc\u015fmeleri i\u00e7in gerekli t\u00fcm haz\u0131rl\u0131klar\u0131n yap\u0131ld\u0131\u011f\u0131n\u0131 ifade ederken, t\u00fcm taraflar\u0131n y\u00fcksek d\u00fczeyde kat\u0131l\u0131m sa\u011flamalar\u0131 temennilerinde bulundu. Tleuberdi g\u00f6r\u00fc\u015fmelerin uzmanlar d\u00fczeyinde olaca\u011f\u0131n\u0131 &hellip;<\/p>\n","protected":false},"author":1,"featured_media":112044,"comment_status":"closed","ping_status":"closed","sticky":false,"template":"","format":"standard","meta":{"footnotes":""},"categories":[458,459,17988],"tags":[26400,29180,29181,12240,18574,19034,27928],"class_list":["post-112042","post","type-post","status-publish","format-standard","has-post-thumbnail","","category-dunya1","category-haberler-arap-uluslararasi-politika","category-son-haberler","tag-astana-gorusmeleri","tag-astana-sureci","tag-garantor-devletler","tag-suriye-hukumeti","tag-suriye-krizi","tag-suriyeli-muhalifler","tag-suriyeliler-arasi-gorusmeler"],"_links":{"self":[{"href":"https:\/\/archive.sana.sy\/tr\/index.php?rest_route=\/wp\/v2\/posts\/112042","targetHints":{"allow":["GET"]}}],"collection":[{"href":"https:\/\/archive.sana.sy\/tr\/index.php?rest_route=\/wp\/v2\/posts"}],"about":[{"href":"https:\/\/archive.sana.sy\/tr\/index.php?rest_route=\/wp\/v2\/types\/post"}],"author":[{"embeddable":true,"href":"https:\/\/archive.sana.sy\/tr\/index.php?rest_route=\/wp\/v2\/users\/1"}],"replies":[{"embeddable":true,"href":"https:\/\/archive.sana.sy\/tr\/index.php?rest_route=%2Fwp%2Fv2%2Fcomments&post=112042"}],"version-history":[{"count":0,"href":"https:\/\/archive.sana.sy\/tr\/index.php?rest_route=\/wp\/v2\/posts\/112042\/revisions"}],"wp:featuredmedia":[{"embeddable":true,"href":"https:\/\/archive.sana.sy\/tr\/index.php?rest_route=\/wp\/v2\/media\/112044"}],"wp:attachment":[{"href":"https:\/\/archive.sana.sy\/tr\/index.php?rest_route=%2Fwp%2Fv2%2Fmedia&parent=112042"}],"wp:term":[{"taxonomy":"category","embeddable":true,"href":"https:\/\/archive.sana.sy\/tr\/index.php?rest_route=%2Fwp%2Fv2%2Fcategories&post=112042"},{"taxonomy":"post_tag","embeddable":true,"href":"https:\/\/archive.sana.sy\/tr\/index.php?rest_route=%2Fwp%2Fv2%2Ftags&post=112042"}],"curies":[{"name":"wp","href":"https:\/\/api.w.org\/{rel}","templated":true}]}}