{"id":112043,"date":"2017-04-25T08:19:06","date_gmt":"2017-04-25T05:19:06","guid":{"rendered":"http:\/\/www.sana.sy\/tr\/?p=112043"},"modified":"2017-04-25T14:29:39","modified_gmt":"2017-04-25T11:29:39","slug":"askeri-kaynak-ordu-birliklerimizin-derada-beled-bolgesinin-muhtelif-yerlerinde-israil-ve-batili-devletlerin-urdun-uzerinden-destekleyip-komuta-ettikleri-nusra-cephesi-ve-muttefikleri-teror-or","status":"publish","type":"post","link":"https:\/\/archive.sana.sy\/tr\/?p=112043","title":{"rendered":"Askeri kaynak ordu birliklerimizin Dera\u2019da Beled B\u00f6lgesinin muhtelif yerlerinde \u0130srail ve Bat\u0131l\u0131 devletlerin \u00dcrd\u00fcn \u00fczerinden destekleyip komuta ettikleri Nusra Cephesi ve m\u00fcttefikleri ter\u00f6r \u00f6rg\u00fctlerin karargah ve siperlerini bug\u00fcn de yo\u011fun ate\u015fe tuttuklar\u0131n\u0131 belirtti"},"content":{"rendered":"<p>Askeri kaynak ordu birliklerimizin Dera\u2019da Beled B\u00f6lgesinin muhtelif yerlerinde \u0130srail ve Bat\u0131l\u0131 devletlerin \u00dcrd\u00fcn \u00fczerinden destekleyip komuta ettikleri Nusra Cephesi ve m\u00fcttefikleri ter\u00f6r \u00f6rg\u00fctlerin karargah ve siperlerini bug\u00fcn de yo\u011fun ate\u015fe tuttuklar\u0131n\u0131 belirtti<\/p>\n","protected":false},"excerpt":{"rendered":"<p>Askeri kaynak ordu birliklerimizin Dera\u2019da Beled B\u00f6lgesinin muhtelif yerlerinde \u0130srail ve Bat\u0131l\u0131 devletlerin \u00dcrd\u00fcn \u00fczerinden destekleyip komuta ettikleri Nusra Cephesi ve m\u00fcttefikleri ter\u00f6r \u00f6rg\u00fctlerin karargah ve siperlerini bug\u00fcn de yo\u011fun ate\u015fe tuttuklar\u0131n\u0131 belirtti<\/p>\n","protected":false},"author":1,"featured_media":0,"comment_status":"closed","ping_status":"closed","sticky":false,"template":"","format":"standard","meta":{"footnotes":""},"categories":[17991],"tags":[],"class_list":["post-112043","post","type-post","status-publish","format-standard","","category-son-dakika"],"_links":{"self":[{"href":"https:\/\/archive.sana.sy\/tr\/index.php?rest_route=\/wp\/v2\/posts\/112043","targetHints":{"allow":["GET"]}}],"collection":[{"href":"https:\/\/archive.sana.sy\/tr\/index.php?rest_route=\/wp\/v2\/posts"}],"about":[{"href":"https:\/\/archive.sana.sy\/tr\/index.php?rest_route=\/wp\/v2\/types\/post"}],"author":[{"embeddable":true,"href":"https:\/\/archive.sana.sy\/tr\/index.php?rest_route=\/wp\/v2\/users\/1"}],"replies":[{"embeddable":true,"href":"https:\/\/archive.sana.sy\/tr\/index.php?rest_route=%2Fwp%2Fv2%2Fcomments&post=112043"}],"version-history":[{"count":0,"href":"https:\/\/archive.sana.sy\/tr\/index.php?rest_route=\/wp\/v2\/posts\/112043\/revisions"}],"wp:attachment":[{"href":"https:\/\/archive.sana.sy\/tr\/index.php?rest_route=%2Fwp%2Fv2%2Fmedia&parent=112043"}],"wp:term":[{"taxonomy":"category","embeddable":true,"href":"https:\/\/archive.sana.sy\/tr\/index.php?rest_route=%2Fwp%2Fv2%2Fcategories&post=112043"},{"taxonomy":"post_tag","embeddable":true,"href":"https:\/\/archive.sana.sy\/tr\/index.php?rest_route=%2Fwp%2Fv2%2Ftags&post=112043"}],"curies":[{"name":"wp","href":"https:\/\/api.w.org\/{rel}","templated":true}]}}