{"id":112069,"date":"2017-04-25T09:30:01","date_gmt":"2017-04-25T06:30:01","guid":{"rendered":"http:\/\/www.sana.sy\/tr\/?p=112069"},"modified":"2017-04-25T14:30:24","modified_gmt":"2017-04-25T11:30:24","slug":"askeri-kaynak-ordu-birliklerimizin-homs-ilinin-dogusu-ve-guneydogusunda-yer-alan-ceref-um-el-rumman-karyeteyn-kentinin-dogusu-fethat-mhasse-cebel-bin-arsan-el-baride-ve-tedmur-palmira","status":"publish","type":"post","link":"https:\/\/archive.sana.sy\/tr\/?p=112069","title":{"rendered":"Askeri kaynak ordu birliklerimizin Homs \u0130linin do\u011fusu ve g\u00fcneydo\u011fusunda yer alan Ceref Um el Rumman, Karyeteyn Kentinin do\u011fusu, Fethat Mhasse, Cebel Bin Arsan el Baride ve Tedmur \u2013 Palmira\u2019n\u0131n do\u011fu k\u0131rsal\u0131nda I\u015e\u0130D mevkileri ve ara\u00e7lar\u0131n\u0131 imha ettiklerini s\u00f6yledi"},"content":{"rendered":"<p>Askeri kaynak ordu birliklerimizin Homs \u0130linin do\u011fusu ve g\u00fcneydo\u011fusunda yer alan Ceref Um el Rumman, Karyeteyn Kentinin do\u011fusu, Fethat Mhasse, Cebel Bin Arsan el Baride ve Tedmur \u2013 Palmira\u2019n\u0131n do\u011fu k\u0131rsal\u0131nda I\u015e\u0130D mevkileri ve ara\u00e7lar\u0131n\u0131 imha ettiklerini s\u00f6yledi<\/p>\n","protected":false},"excerpt":{"rendered":"<p>Askeri kaynak ordu birliklerimizin Homs \u0130linin do\u011fusu ve g\u00fcneydo\u011fusunda yer alan Ceref Um el Rumman, Karyeteyn Kentinin do\u011fusu, Fethat Mhasse, Cebel Bin Arsan el Baride ve Tedmur \u2013 Palmira\u2019n\u0131n do\u011fu k\u0131rsal\u0131nda I\u015e\u0130D mevkileri ve ara\u00e7lar\u0131n\u0131 imha ettiklerini s\u00f6yledi<\/p>\n","protected":false},"author":1,"featured_media":0,"comment_status":"closed","ping_status":"closed","sticky":false,"template":"","format":"standard","meta":{"footnotes":""},"categories":[17991],"tags":[],"class_list":["post-112069","post","type-post","status-publish","format-standard","","category-son-dakika"],"_links":{"self":[{"href":"https:\/\/archive.sana.sy\/tr\/index.php?rest_route=\/wp\/v2\/posts\/112069","targetHints":{"allow":["GET"]}}],"collection":[{"href":"https:\/\/archive.sana.sy\/tr\/index.php?rest_route=\/wp\/v2\/posts"}],"about":[{"href":"https:\/\/archive.sana.sy\/tr\/index.php?rest_route=\/wp\/v2\/types\/post"}],"author":[{"embeddable":true,"href":"https:\/\/archive.sana.sy\/tr\/index.php?rest_route=\/wp\/v2\/users\/1"}],"replies":[{"embeddable":true,"href":"https:\/\/archive.sana.sy\/tr\/index.php?rest_route=%2Fwp%2Fv2%2Fcomments&post=112069"}],"version-history":[{"count":0,"href":"https:\/\/archive.sana.sy\/tr\/index.php?rest_route=\/wp\/v2\/posts\/112069\/revisions"}],"wp:attachment":[{"href":"https:\/\/archive.sana.sy\/tr\/index.php?rest_route=%2Fwp%2Fv2%2Fmedia&parent=112069"}],"wp:term":[{"taxonomy":"category","embeddable":true,"href":"https:\/\/archive.sana.sy\/tr\/index.php?rest_route=%2Fwp%2Fv2%2Fcategories&post=112069"},{"taxonomy":"post_tag","embeddable":true,"href":"https:\/\/archive.sana.sy\/tr\/index.php?rest_route=%2Fwp%2Fv2%2Ftags&post=112069"}],"curies":[{"name":"wp","href":"https:\/\/api.w.org\/{rel}","templated":true}]}}