{"id":112073,"date":"2017-04-25T14:49:08","date_gmt":"2017-04-25T11:49:08","guid":{"rendered":"http:\/\/www.sana.sy\/tr\/?p=112073"},"modified":"2017-04-26T14:48:34","modified_gmt":"2017-04-26T11:48:34","slug":"51-sehit-son-yolculuguna-ugurlandi","status":"publish","type":"post","link":"https:\/\/archive.sana.sy\/tr\/?p=112073","title":{"rendered":"51 \u015eehit Son Yolculu\u011funa U\u011furland\u0131"},"content":{"rendered":"<p>HALEP \u2013 Fua ve Kefrayya beldelerinden kurtar\u0131lmalar\u0131 ard\u0131ndan Halep\u2019in bat\u0131s\u0131 Ra\u015fidin B\u00f6lgesinde onlar\u0131 ta\u015f\u0131yan otob\u00fcslerin Nusra Cephesi taraf\u0131ndan bombal\u0131 bir ara\u00e7la hedef al\u0131nmalar\u0131nda ya\u015fam\u0131n\u0131 yitiren 51 \u015fehit bug\u00fcn Halep Askeri Hastanesinde g\u00f6rkemli bir t\u00f6renle u\u011furland\u0131.<\/p>\n<p>Resmi ve sivil toplum faaliyetlerinin yan\u0131 s\u0131ra halk kitlelerinin kat\u0131ld\u0131klar\u0131 t\u00f6rende \u015fehitlerimizin pak kanlar\u0131n\u0131n heder olmayaca\u011f\u0131, insanl\u0131k d\u0131\u015f\u0131 vah\u015feti bu i\u015fleyenlerin mutlaka cezaland\u0131r\u0131lacaklar\u0131n\u0131n alt\u0131 \u00e7izildi.<\/p>\n<p>\u0130dlib k\u0131rsal\u0131nda Nusra Cephesi ve m\u00fcttefikleri ter\u00f6r \u00f6rg\u00fctlerin ku\u015fatmas\u0131 ve g\u00fcn\u00fc birlik sald\u0131r\u0131lar\u0131na maruz kalan Fua ve Kefrayya beldelerinden masum sivillerin kurtar\u0131lmas\u0131 ard\u0131ndan 15 Nisan tarihinde Halep\u2019in Ra\u015fidin B\u00f6lgesinde onlar\u0131 ta\u015f\u0131yan otob\u00fcsler tekfirci ter\u00f6ristler taraf\u0131ndan bombal\u0131 bir ara\u00e7la hedef al\u0131nm\u0131\u015flard\u0131. \u0130nsanl\u0131\u011f\u0131n y\u00fcz karas\u0131 bu katliamda geneli \u00e7ocuk ve kad\u0131nlardan ibaret y\u00fczlerce ki\u015fi \u015fehit ve yaral\u0131 d\u00fc\u015fm\u00fc\u015ft\u00fc.<\/p>\n<div id='gallery-1' class='gallery galleryid-112073 gallery-columns-3 gallery-size-thumbnail'><figure class='gallery-item'>\n\t\t\t<div class='gallery-icon landscape'>\n\t\t\t\t<a href='https:\/\/archive.sana.sy\/tr\/wp-content\/uploads\/2017\/04\/DSC_9588.jpg'><img loading=\"lazy\" decoding=\"async\" width=\"150\" height=\"100\" src=\"https:\/\/archive.sana.sy\/tr\/wp-content\/uploads\/2017\/04\/DSC_9588-150x100.jpg\" class=\"attachment-thumbnail size-thumbnail\" alt=\"\" srcset=\"https:\/\/archive.sana.sy\/tr\/wp-content\/uploads\/2017\/04\/DSC_9588-150x100.jpg 150w, https:\/\/archive.sana.sy\/tr\/wp-content\/uploads\/2017\/04\/DSC_9588-300x200.jpg 300w, https:\/\/archive.sana.sy\/tr\/wp-content\/uploads\/2017\/04\/DSC_9588-768x512.jpg 768w, https:\/\/archive.sana.sy\/tr\/wp-content\/uploads\/2017\/04\/DSC_9588-1024x683.jpg 1024w, https:\/\/archive.sana.sy\/tr\/wp-content\/uploads\/2017\/04\/DSC_9588-310x205.jpg 310w, https:\/\/archive.sana.sy\/tr\/wp-content\/uploads\/2017\/04\/DSC_9588.jpg 1800w\" sizes=\"auto, (max-width: 150px) 100vw, 150px\" \/><\/a>\n\t\t\t<\/div><\/figure><figure class='gallery-item'>\n\t\t\t<div class='gallery-icon landscape'>\n\t\t\t\t<a href='https:\/\/archive.sana.sy\/tr\/wp-content\/uploads\/2017\/04\/DSC_9726.jpg'><img loading=\"lazy\" decoding=\"async\" width=\"150\" height=\"100\" src=\"https:\/\/archive.sana.sy\/tr\/wp-content\/uploads\/2017\/04\/DSC_9726-150x100.jpg\" class=\"attachment-thumbnail size-thumbnail\" alt=\"\" srcset=\"https:\/\/archive.sana.sy\/tr\/wp-content\/uploads\/2017\/04\/DSC_9726-150x100.jpg 150w, https:\/\/archive.sana.sy\/tr\/wp-content\/uploads\/2017\/04\/DSC_9726-300x200.jpg 300w, https:\/\/archive.sana.sy\/tr\/wp-content\/uploads\/2017\/04\/DSC_9726-768x512.jpg 768w, https:\/\/archive.sana.sy\/tr\/wp-content\/uploads\/2017\/04\/DSC_9726-1024x683.jpg 1024w, https:\/\/archive.sana.sy\/tr\/wp-content\/uploads\/2017\/04\/DSC_9726-310x205.jpg 310w, https:\/\/archive.sana.sy\/tr\/wp-content\/uploads\/2017\/04\/DSC_9726.jpg 1800w\" sizes=\"auto, (max-width: 150px) 100vw, 150px\" \/><\/a>\n\t\t\t<\/div><\/figure><figure class='gallery-item'>\n\t\t\t<div class='gallery-icon landscape'>\n\t\t\t\t<a href='https:\/\/archive.sana.sy\/tr\/wp-content\/uploads\/2017\/04\/DSC_9733.jpg'><img loading=\"lazy\" decoding=\"async\" width=\"150\" height=\"90\" src=\"https:\/\/archive.sana.sy\/tr\/wp-content\/uploads\/2017\/04\/DSC_9733-150x90.jpg\" class=\"attachment-thumbnail size-thumbnail\" alt=\"\" srcset=\"https:\/\/archive.sana.sy\/tr\/wp-content\/uploads\/2017\/04\/DSC_9733-150x90.jpg 150w, https:\/\/archive.sana.sy\/tr\/wp-content\/uploads\/2017\/04\/DSC_9733-300x180.jpg 300w, https:\/\/archive.sana.sy\/tr\/wp-content\/uploads\/2017\/04\/DSC_9733-768x461.jpg 768w, https:\/\/archive.sana.sy\/tr\/wp-content\/uploads\/2017\/04\/DSC_9733-1024x614.jpg 1024w, https:\/\/archive.sana.sy\/tr\/wp-content\/uploads\/2017\/04\/DSC_9733.jpg 1800w\" sizes=\"auto, (max-width: 150px) 100vw, 150px\" \/><\/a>\n\t\t\t<\/div><\/figure><figure class='gallery-item'>\n\t\t\t<div class='gallery-icon landscape'>\n\t\t\t\t<a href='https:\/\/archive.sana.sy\/tr\/wp-content\/uploads\/2017\/04\/DSC_9756.jpg'><img loading=\"lazy\" decoding=\"async\" width=\"150\" height=\"100\" src=\"https:\/\/archive.sana.sy\/tr\/wp-content\/uploads\/2017\/04\/DSC_9756-150x100.jpg\" class=\"attachment-thumbnail size-thumbnail\" alt=\"\" srcset=\"https:\/\/archive.sana.sy\/tr\/wp-content\/uploads\/2017\/04\/DSC_9756-150x100.jpg 150w, https:\/\/archive.sana.sy\/tr\/wp-content\/uploads\/2017\/04\/DSC_9756-300x200.jpg 300w, https:\/\/archive.sana.sy\/tr\/wp-content\/uploads\/2017\/04\/DSC_9756-768x512.jpg 768w, https:\/\/archive.sana.sy\/tr\/wp-content\/uploads\/2017\/04\/DSC_9756-1024x683.jpg 1024w, https:\/\/archive.sana.sy\/tr\/wp-content\/uploads\/2017\/04\/DSC_9756-310x205.jpg 310w, https:\/\/archive.sana.sy\/tr\/wp-content\/uploads\/2017\/04\/DSC_9756.jpg 1800w\" sizes=\"auto, (max-width: 150px) 100vw, 150px\" \/><\/a>\n\t\t\t<\/div><\/figure><figure class='gallery-item'>\n\t\t\t<div class='gallery-icon landscape'>\n\t\t\t\t<a href='https:\/\/archive.sana.sy\/tr\/wp-content\/uploads\/2017\/04\/DSC_9793.jpg'><img loading=\"lazy\" decoding=\"async\" width=\"150\" height=\"100\" src=\"https:\/\/archive.sana.sy\/tr\/wp-content\/uploads\/2017\/04\/DSC_9793-150x100.jpg\" class=\"attachment-thumbnail size-thumbnail\" alt=\"\" srcset=\"https:\/\/archive.sana.sy\/tr\/wp-content\/uploads\/2017\/04\/DSC_9793-150x100.jpg 150w, https:\/\/archive.sana.sy\/tr\/wp-content\/uploads\/2017\/04\/DSC_9793-300x200.jpg 300w, https:\/\/archive.sana.sy\/tr\/wp-content\/uploads\/2017\/04\/DSC_9793-768x512.jpg 768w, https:\/\/archive.sana.sy\/tr\/wp-content\/uploads\/2017\/04\/DSC_9793-1024x683.jpg 1024w, https:\/\/archive.sana.sy\/tr\/wp-content\/uploads\/2017\/04\/DSC_9793-310x205.jpg 310w, https:\/\/archive.sana.sy\/tr\/wp-content\/uploads\/2017\/04\/DSC_9793.jpg 1800w\" sizes=\"auto, (max-width: 150px) 100vw, 150px\" \/><\/a>\n\t\t\t<\/div><\/figure><figure class='gallery-item'>\n\t\t\t<div class='gallery-icon landscape'>\n\t\t\t\t<a href='https:\/\/archive.sana.sy\/tr\/wp-content\/uploads\/2017\/04\/DSC_9804.jpg'><img loading=\"lazy\" decoding=\"async\" width=\"150\" height=\"100\" src=\"https:\/\/archive.sana.sy\/tr\/wp-content\/uploads\/2017\/04\/DSC_9804-150x100.jpg\" class=\"attachment-thumbnail size-thumbnail\" alt=\"\" srcset=\"https:\/\/archive.sana.sy\/tr\/wp-content\/uploads\/2017\/04\/DSC_9804-150x100.jpg 150w, https:\/\/archive.sana.sy\/tr\/wp-content\/uploads\/2017\/04\/DSC_9804-300x200.jpg 300w, https:\/\/archive.sana.sy\/tr\/wp-content\/uploads\/2017\/04\/DSC_9804-768x512.jpg 768w, https:\/\/archive.sana.sy\/tr\/wp-content\/uploads\/2017\/04\/DSC_9804-1024x683.jpg 1024w, https:\/\/archive.sana.sy\/tr\/wp-content\/uploads\/2017\/04\/DSC_9804-310x205.jpg 310w, https:\/\/archive.sana.sy\/tr\/wp-content\/uploads\/2017\/04\/DSC_9804.jpg 1800w\" sizes=\"auto, (max-width: 150px) 100vw, 150px\" \/><\/a>\n\t\t\t<\/div><\/figure>\n\t\t<\/div>\n\n","protected":false},"excerpt":{"rendered":"<p>HALEP \u2013 Fua ve Kefrayya beldelerinden kurtar\u0131lmalar\u0131 ard\u0131ndan Halep\u2019in bat\u0131s\u0131 Ra\u015fidin B\u00f6lgesinde onlar\u0131 ta\u015f\u0131yan otob\u00fcslerin Nusra Cephesi taraf\u0131ndan bombal\u0131 bir ara\u00e7la hedef al\u0131nmalar\u0131nda ya\u015fam\u0131n\u0131 yitiren 51 \u015fehit bug\u00fcn Halep Askeri Hastanesinde g\u00f6rkemli bir t\u00f6renle u\u011furland\u0131. Resmi ve sivil toplum faaliyetlerinin yan\u0131 s\u0131ra halk kitlelerinin kat\u0131ld\u0131klar\u0131 t\u00f6rende \u015fehitlerimizin pak kanlar\u0131n\u0131n heder olmayaca\u011f\u0131, insanl\u0131k d\u0131\u015f\u0131 vah\u015feti bu &hellip;<\/p>\n","protected":false},"author":1,"featured_media":112086,"comment_status":"closed","ping_status":"closed","sticky":false,"template":"","format":"standard","meta":{"footnotes":""},"categories":[596,479,575,17988,478],"tags":[29187,23885,18237,18489,1132,18673,18490,18310,18174,23837,22181],"class_list":["post-112073","post","type-post","status-publish","format-standard","has-post-thumbnail","","category-fotografli-raporlar","category-haberler-yerel","category-olaylar-ve-gercekler","category-son-haberler","category-yerel","tag-51-sehit-son-yolculuguna-ugurlandi","tag-askeri-hastane","tag-cihatcilar","tag-fua","tag-halep","tag-idlib-kirsali","tag-kefrayya","tag-sehitler","tag-sivillere-saldiri","tag-suriye-gercekleri","tag-suriyeliler"],"_links":{"self":[{"href":"https:\/\/archive.sana.sy\/tr\/index.php?rest_route=\/wp\/v2\/posts\/112073","targetHints":{"allow":["GET"]}}],"collection":[{"href":"https:\/\/archive.sana.sy\/tr\/index.php?rest_route=\/wp\/v2\/posts"}],"about":[{"href":"https:\/\/archive.sana.sy\/tr\/index.php?rest_route=\/wp\/v2\/types\/post"}],"author":[{"embeddable":true,"href":"https:\/\/archive.sana.sy\/tr\/index.php?rest_route=\/wp\/v2\/users\/1"}],"replies":[{"embeddable":true,"href":"https:\/\/archive.sana.sy\/tr\/index.php?rest_route=%2Fwp%2Fv2%2Fcomments&post=112073"}],"version-history":[{"count":0,"href":"https:\/\/archive.sana.sy\/tr\/index.php?rest_route=\/wp\/v2\/posts\/112073\/revisions"}],"wp:featuredmedia":[{"embeddable":true,"href":"https:\/\/archive.sana.sy\/tr\/index.php?rest_route=\/wp\/v2\/media\/112086"}],"wp:attachment":[{"href":"https:\/\/archive.sana.sy\/tr\/index.php?rest_route=%2Fwp%2Fv2%2Fmedia&parent=112073"}],"wp:term":[{"taxonomy":"category","embeddable":true,"href":"https:\/\/archive.sana.sy\/tr\/index.php?rest_route=%2Fwp%2Fv2%2Fcategories&post=112073"},{"taxonomy":"post_tag","embeddable":true,"href":"https:\/\/archive.sana.sy\/tr\/index.php?rest_route=%2Fwp%2Fv2%2Ftags&post=112073"}],"curies":[{"name":"wp","href":"https:\/\/api.w.org\/{rel}","templated":true}]}}