{"id":112089,"date":"2017-04-25T13:00:55","date_gmt":"2017-04-25T10:00:55","guid":{"rendered":"http:\/\/www.sana.sy\/tr\/?p=112089"},"modified":"2017-04-26T14:48:47","modified_gmt":"2017-04-26T11:48:47","slug":"haseke-valisi-gvayran-semtinde-okullari-ziyaret-etti","status":"publish","type":"post","link":"https:\/\/archive.sana.sy\/tr\/?p=112089","title":{"rendered":"Haseke Valisi \u011evayran Semtinde Okullar\u0131 Ziyaret Etti"},"content":{"rendered":"<p>HASEKE \u2013 Haseke Valisi Cayiz el Musa bug\u00fcn Haseke Kentinin \u011evayran Semtinde ter\u00f6r sald\u0131r\u0131lar\u0131na maruz kalan ilk\u00f6\u011fretim okullar\u0131n\u0131n onar\u0131lmas\u0131 ard\u0131ndan okullardaki e\u011fitim s\u00fcrecini inceledi.<\/p>\n<p>Yeni nesillerin e\u011fitim ve ilimle silahlanmalar\u0131 \u00f6neminin alt\u0131n\u0131 \u00e7izen Vali Musa; okullarda e\u011fitim s\u00fcrecinin en iyi \u015fekilde olmas\u0131 i\u00e7in gerekli kadro ve ekipmanlar\u0131n temin edilmesi \u00f6zenine i\u015faret etti.<\/p>\n<p>Vali Musa ard\u0131ndan K\u0131rsal Endel\u00fcs Okulunda e\u011fitim kadrosuyla bir araya gelerek t\u00fcm ko\u015fullara ra\u011fmen e\u011fitimin kalk\u0131nd\u0131r\u0131lmas\u0131 ve \u00e7ocuklar\u0131n okullara te\u015fvik edilmesi \u00f6neminin alt\u0131n\u0131 \u00e7izdi.<\/p>\n<p>Vali Musa i\u015f gezisinin bitiminde okullarda ba\u015far\u0131 g\u00f6steren \u00f6\u011frencileri onurland\u0131rd\u0131.<\/p>\n","protected":false},"excerpt":{"rendered":"<p>HASEKE \u2013 Haseke Valisi Cayiz el Musa bug\u00fcn Haseke Kentinin \u011evayran Semtinde ter\u00f6r sald\u0131r\u0131lar\u0131na maruz kalan ilk\u00f6\u011fretim okullar\u0131n\u0131n onar\u0131lmas\u0131 ard\u0131ndan okullardaki e\u011fitim s\u00fcrecini inceledi. Yeni nesillerin e\u011fitim ve ilimle silahlanmalar\u0131 \u00f6neminin alt\u0131n\u0131 \u00e7izen Vali Musa; okullarda e\u011fitim s\u00fcrecinin en iyi \u015fekilde olmas\u0131 i\u00e7in gerekli kadro ve ekipmanlar\u0131n temin edilmesi \u00f6zenine i\u015faret etti. Vali Musa ard\u0131ndan &hellip;<\/p>\n","protected":false},"author":1,"featured_media":112090,"comment_status":"closed","ping_status":"closed","sticky":false,"template":"","format":"standard","meta":{"footnotes":""},"categories":[479,17988,478],"tags":[25550,20161,25905,19954,24197],"class_list":["post-112089","post","type-post","status-publish","format-standard","has-post-thumbnail","","category-haberler-yerel","category-son-haberler","category-yerel","tag-cayiz-el-musa","tag-haseke-valisi","tag-ilkogretim-okullari","tag-kamisli","tag-suriyede-egitim"],"_links":{"self":[{"href":"https:\/\/archive.sana.sy\/tr\/index.php?rest_route=\/wp\/v2\/posts\/112089","targetHints":{"allow":["GET"]}}],"collection":[{"href":"https:\/\/archive.sana.sy\/tr\/index.php?rest_route=\/wp\/v2\/posts"}],"about":[{"href":"https:\/\/archive.sana.sy\/tr\/index.php?rest_route=\/wp\/v2\/types\/post"}],"author":[{"embeddable":true,"href":"https:\/\/archive.sana.sy\/tr\/index.php?rest_route=\/wp\/v2\/users\/1"}],"replies":[{"embeddable":true,"href":"https:\/\/archive.sana.sy\/tr\/index.php?rest_route=%2Fwp%2Fv2%2Fcomments&post=112089"}],"version-history":[{"count":0,"href":"https:\/\/archive.sana.sy\/tr\/index.php?rest_route=\/wp\/v2\/posts\/112089\/revisions"}],"wp:featuredmedia":[{"embeddable":true,"href":"https:\/\/archive.sana.sy\/tr\/index.php?rest_route=\/wp\/v2\/media\/112090"}],"wp:attachment":[{"href":"https:\/\/archive.sana.sy\/tr\/index.php?rest_route=%2Fwp%2Fv2%2Fmedia&parent=112089"}],"wp:term":[{"taxonomy":"category","embeddable":true,"href":"https:\/\/archive.sana.sy\/tr\/index.php?rest_route=%2Fwp%2Fv2%2Fcategories&post=112089"},{"taxonomy":"post_tag","embeddable":true,"href":"https:\/\/archive.sana.sy\/tr\/index.php?rest_route=%2Fwp%2Fv2%2Ftags&post=112089"}],"curies":[{"name":"wp","href":"https:\/\/api.w.org\/{rel}","templated":true}]}}