{"id":112092,"date":"2017-04-25T12:00:52","date_gmt":"2017-04-25T09:00:52","guid":{"rendered":"http:\/\/www.sana.sy\/tr\/?p=112092"},"modified":"2017-04-26T14:49:02","modified_gmt":"2017-04-26T11:49:02","slug":"kamisli-kirsalinda-60-egitim-merkezi-acildi","status":"publish","type":"post","link":"https:\/\/archive.sana.sy\/tr\/?p=112092","title":{"rendered":"Kam\u0131\u015fl\u0131 K\u0131rsal\u0131nda 60 E\u011fitim Merkezi A\u00e7\u0131ld\u0131"},"content":{"rendered":"<p>HASEKE \u2013 Ber ve \u0130hsan Hay\u0131r Cemiyeti Haseke \u0130line tabi Kam\u0131\u015fl\u0131 k\u0131rsal\u0131nda e\u011fitimi destekleme ve peki\u015ftirme amac\u0131yla iki ayl\u0131k bir s\u00fcre i\u00e7inde 60 e\u011fitim merkezini hizmete a\u00e7t\u0131.<\/p>\n<p>Cemiyet Ba\u015fkan\u0131 Avvad el Herro SANA muhabirine a\u00e7\u0131klamalar\u0131nda; her merkezde okullarda devams\u0131zl\u0131k yapan 15 ila 20 aras\u0131nda \u00e7ocu\u011fun \u0130l E\u011fitim M\u00fcd\u00fcrl\u00fc\u011f\u00fc ile i\u015fbirli\u011fi i\u00e7inde yeniden e\u011fitime d\u00f6nmelerinin sa\u011fland\u0131\u011f\u0131n\u0131 ifade etti. Herro BM UNESCO\u2019nun da kat\u0131larda bulundu\u011fu \u00e7al\u0131\u015fmalarda s\u00f6z konusu \u00e7ocuklar\u0131n e\u011fitim kay\u0131plar\u0131n\u0131n telafi edildi\u011fini s\u00f6yledi.<\/p>\n","protected":false},"excerpt":{"rendered":"<p>HASEKE \u2013 Ber ve \u0130hsan Hay\u0131r Cemiyeti Haseke \u0130line tabi Kam\u0131\u015fl\u0131 k\u0131rsal\u0131nda e\u011fitimi destekleme ve peki\u015ftirme amac\u0131yla iki ayl\u0131k bir s\u00fcre i\u00e7inde 60 e\u011fitim merkezini hizmete a\u00e7t\u0131. Cemiyet Ba\u015fkan\u0131 Avvad el Herro SANA muhabirine a\u00e7\u0131klamalar\u0131nda; her merkezde okullarda devams\u0131zl\u0131k yapan 15 ila 20 aras\u0131nda \u00e7ocu\u011fun \u0130l E\u011fitim M\u00fcd\u00fcrl\u00fc\u011f\u00fc ile i\u015fbirli\u011fi i\u00e7inde yeniden e\u011fitime d\u00f6nmelerinin sa\u011fland\u0131\u011f\u0131n\u0131 &hellip;<\/p>\n","protected":false},"author":1,"featured_media":112102,"comment_status":"closed","ping_status":"closed","sticky":false,"template":"","format":"standard","meta":{"footnotes":""},"categories":[479,17988,478],"tags":[29188,1140,25905,19954,24369],"class_list":["post-112092","post","type-post","status-publish","format-standard","has-post-thumbnail","","category-haberler-yerel","category-son-haberler","category-yerel","tag-egitim-ogretim","tag-haseke","tag-ilkogretim-okullari","tag-kamisli","tag-suriyede-ogretim"],"_links":{"self":[{"href":"https:\/\/archive.sana.sy\/tr\/index.php?rest_route=\/wp\/v2\/posts\/112092","targetHints":{"allow":["GET"]}}],"collection":[{"href":"https:\/\/archive.sana.sy\/tr\/index.php?rest_route=\/wp\/v2\/posts"}],"about":[{"href":"https:\/\/archive.sana.sy\/tr\/index.php?rest_route=\/wp\/v2\/types\/post"}],"author":[{"embeddable":true,"href":"https:\/\/archive.sana.sy\/tr\/index.php?rest_route=\/wp\/v2\/users\/1"}],"replies":[{"embeddable":true,"href":"https:\/\/archive.sana.sy\/tr\/index.php?rest_route=%2Fwp%2Fv2%2Fcomments&post=112092"}],"version-history":[{"count":0,"href":"https:\/\/archive.sana.sy\/tr\/index.php?rest_route=\/wp\/v2\/posts\/112092\/revisions"}],"wp:featuredmedia":[{"embeddable":true,"href":"https:\/\/archive.sana.sy\/tr\/index.php?rest_route=\/wp\/v2\/media\/112102"}],"wp:attachment":[{"href":"https:\/\/archive.sana.sy\/tr\/index.php?rest_route=%2Fwp%2Fv2%2Fmedia&parent=112092"}],"wp:term":[{"taxonomy":"category","embeddable":true,"href":"https:\/\/archive.sana.sy\/tr\/index.php?rest_route=%2Fwp%2Fv2%2Fcategories&post=112092"},{"taxonomy":"post_tag","embeddable":true,"href":"https:\/\/archive.sana.sy\/tr\/index.php?rest_route=%2Fwp%2Fv2%2Ftags&post=112092"}],"curies":[{"name":"wp","href":"https:\/\/api.w.org\/{rel}","templated":true}]}}