{"id":11210,"date":"2014-09-25T19:26:33","date_gmt":"2014-09-25T16:26:33","guid":{"rendered":"http:\/\/www.sana.sy\/tr\/?p=11210"},"modified":"2014-09-25T19:26:33","modified_gmt":"2014-09-25T16:26:33","slug":"kamplarda-onlarca-terorist-tutuklandi","status":"publish","type":"post","link":"https:\/\/archive.sana.sy\/tr\/?p=11210","title":{"rendered":"Kamplarda Onlarca Ter\u00f6rist Tutukland\u0131"},"content":{"rendered":"<p>BEYRUT \u2013 L\u00fcbnan ordusu bu sabah erken saatlerde L\u00fcbnan&#8217;\u0131n do\u011fusuna d\u00fc\u015fen Ersal Beldesinde tehcir edilen Suriyelilerin kald\u0131klar\u0131 kamplara d\u00fczenledi\u011fi bask\u0131n operasyonlar\u0131nda Nusra Cepheli 4 ter\u00f6riste ilaveten L\u00fcbnan askerlerine sald\u0131r\u0131 eylemlerine bula\u015fan onlarca ter\u00f6risti tutuklad\u0131.<\/p>\n<p>L\u00fcbnan Ulusal Enformasyon Ajans\u0131 ter\u00f6ristlerin bask\u0131n esnas\u0131nda askerleri oyalamak ve ka\u00e7mak amac\u0131yla kamplarda yang\u0131n \u00e7\u0131kard\u0131klar\u0131na dikkat \u00e7ekerken, fakat ordunun Ersal\u2019\u0131n do\u011fusuna d\u00fc\u015fen Hamit Vadisi yak\u0131nlar\u0131ndaki barikatta bir\u00e7o\u011funu yakalamay\u0131 ba\u015fard\u0131\u011f\u0131n\u0131 belirtti.<\/p>\n<p>\u00d6te yandan L\u00fcbnan Ordu Komutanl\u0131\u011f\u0131nda Y\u00f6nlendirme M\u00fcd\u00fcrl\u00fc\u011f\u00fc yay\u0131nlad\u0131\u011f\u0131 beyanda L\u00fcbnan ordusunun tehcir edilen Suriyelilerin kald\u0131klar\u0131 bir kampta \u015f\u00fcphelileri yakalama amac\u0131yla bulundu\u011fu arama s\u0131ras\u0131nda motosiklet kullanan 3 ter\u00f6ristin yak\u0131n ba\u015fka bir kampta yang\u0131n \u00e7\u0131kard\u0131klar\u0131n\u0131 ifade etti. Bildiride askerlerin bunun \u00fczerine s\u00f6z konusu ter\u00f6ristlere ate\u015f a\u00e7arak birini \u00f6ld\u00fcrd\u00fckleri, di\u011fer ikisinin de yaral\u0131 olarak tutukland\u0131klar\u0131 kaydedildi.<\/p>\n","protected":false},"excerpt":{"rendered":"<p>BEYRUT \u2013 L\u00fcbnan ordusu bu sabah erken saatlerde L\u00fcbnan&#8217;\u0131n do\u011fusuna d\u00fc\u015fen Ersal Beldesinde tehcir edilen Suriyelilerin kald\u0131klar\u0131 kamplara d\u00fczenledi\u011fi bask\u0131n operasyonlar\u0131nda Nusra Cepheli 4 ter\u00f6riste ilaveten L\u00fcbnan askerlerine sald\u0131r\u0131 eylemlerine bula\u015fan onlarca ter\u00f6risti tutuklad\u0131. L\u00fcbnan Ulusal Enformasyon Ajans\u0131 ter\u00f6ristlerin bask\u0131n esnas\u0131nda askerleri oyalamak ve ka\u00e7mak amac\u0131yla kamplarda yang\u0131n \u00e7\u0131kard\u0131klar\u0131na dikkat \u00e7ekerken, fakat ordunun Ersal\u2019\u0131n do\u011fusuna &hellip;<\/p>\n","protected":false},"author":1,"featured_media":11211,"comment_status":"closed","ping_status":"closed","sticky":false,"template":"","format":"standard","meta":{"footnotes":""},"categories":[458,459],"tags":[2715],"class_list":["post-11210","post","type-post","status-publish","format-standard","has-post-thumbnail","","category-dunya1","category-haberler-arap-uluslararasi-politika","tag-kamplarda-onlarca-terorist-tutuklandi"],"_links":{"self":[{"href":"https:\/\/archive.sana.sy\/tr\/index.php?rest_route=\/wp\/v2\/posts\/11210","targetHints":{"allow":["GET"]}}],"collection":[{"href":"https:\/\/archive.sana.sy\/tr\/index.php?rest_route=\/wp\/v2\/posts"}],"about":[{"href":"https:\/\/archive.sana.sy\/tr\/index.php?rest_route=\/wp\/v2\/types\/post"}],"author":[{"embeddable":true,"href":"https:\/\/archive.sana.sy\/tr\/index.php?rest_route=\/wp\/v2\/users\/1"}],"replies":[{"embeddable":true,"href":"https:\/\/archive.sana.sy\/tr\/index.php?rest_route=%2Fwp%2Fv2%2Fcomments&post=11210"}],"version-history":[{"count":0,"href":"https:\/\/archive.sana.sy\/tr\/index.php?rest_route=\/wp\/v2\/posts\/11210\/revisions"}],"wp:featuredmedia":[{"embeddable":true,"href":"https:\/\/archive.sana.sy\/tr\/index.php?rest_route=\/wp\/v2\/media\/11211"}],"wp:attachment":[{"href":"https:\/\/archive.sana.sy\/tr\/index.php?rest_route=%2Fwp%2Fv2%2Fmedia&parent=11210"}],"wp:term":[{"taxonomy":"category","embeddable":true,"href":"https:\/\/archive.sana.sy\/tr\/index.php?rest_route=%2Fwp%2Fv2%2Fcategories&post=11210"},{"taxonomy":"post_tag","embeddable":true,"href":"https:\/\/archive.sana.sy\/tr\/index.php?rest_route=%2Fwp%2Fv2%2Ftags&post=11210"}],"curies":[{"name":"wp","href":"https:\/\/api.w.org\/{rel}","templated":true}]}}