{"id":112100,"date":"2017-04-25T17:05:58","date_gmt":"2017-04-25T14:05:58","guid":{"rendered":"http:\/\/www.sana.sy\/tr\/?p=112100"},"modified":"2017-04-26T14:48:18","modified_gmt":"2017-04-26T11:48:18","slug":"kabine-haftalik-olagan-toplantisini-duzenledi","status":"publish","type":"post","link":"https:\/\/archive.sana.sy\/tr\/?p=112100","title":{"rendered":"Kabine Haftal\u0131k Ola\u011fan Toplant\u0131s\u0131n\u0131 D\u00fczenledi"},"content":{"rendered":"<p>\u015eAM \u2013 Bakanlar Konseyi bug\u00fcn ba\u015fbakan \u0130mad Hamis ba\u015fkanl\u0131\u011f\u0131nda haftal\u0131k ola\u011fan toplant\u0131s\u0131n\u0131 d\u00fczenleyerek bir dizi karar tasar\u0131s\u0131n\u0131 tart\u0131\u015fma ard\u0131ndan karara ba\u011flad\u0131.<\/p>\n<p>Oturumda tah\u0131l depolama ve pazarlama, de\u011firmenler, f\u0131r\u0131nlar ve silolar kamu \u015firketlerinin yeniden yap\u0131land\u0131r\u0131lmalar\u0131 amac\u0131yla Suriye Tah\u0131l Kurumu ad\u0131 alt\u0131nda yeni bir kurumun te\u015fkil edilmesini \u00f6ng\u00f6ren yasama karar\u0131 tasar\u0131s\u0131n\u0131 tart\u0131\u015ft\u0131.<\/p>\n<p>Bakanlar Konseyi oturumunda ayr\u0131ca Enformasyon Bakanl\u0131\u011f\u0131n\u0131n Kalk\u0131nsal Enformasyon M\u00fcd\u00fcrl\u00fc\u011f\u00fcn\u00fcn \u00e7al\u0131\u015fma plan\u0131na ili\u015fkin talebini de tart\u0131\u015f\u0131p karara ba\u011fland\u0131.<\/p>\n","protected":false},"excerpt":{"rendered":"<p>\u015eAM \u2013 Bakanlar Konseyi bug\u00fcn ba\u015fbakan \u0130mad Hamis ba\u015fkanl\u0131\u011f\u0131nda haftal\u0131k ola\u011fan toplant\u0131s\u0131n\u0131 d\u00fczenleyerek bir dizi karar tasar\u0131s\u0131n\u0131 tart\u0131\u015fma ard\u0131ndan karara ba\u011flad\u0131. Oturumda tah\u0131l depolama ve pazarlama, de\u011firmenler, f\u0131r\u0131nlar ve silolar kamu \u015firketlerinin yeniden yap\u0131land\u0131r\u0131lmalar\u0131 amac\u0131yla Suriye Tah\u0131l Kurumu ad\u0131 alt\u0131nda yeni bir kurumun te\u015fkil edilmesini \u00f6ng\u00f6ren yasama karar\u0131 tasar\u0131s\u0131n\u0131 tart\u0131\u015ft\u0131. Bakanlar Konseyi oturumunda ayr\u0131ca Enformasyon &hellip;<\/p>\n","protected":false},"author":1,"featured_media":112103,"comment_status":"closed","ping_status":"closed","sticky":false,"template":"","format":"standard","meta":{"footnotes":""},"categories":[479,17988,478],"tags":[18701,18703,29189,21934,16591,12240],"class_list":["post-112100","post","type-post","status-publish","format-standard","has-post-thumbnail","","category-haberler-yerel","category-son-haberler","category-yerel","tag-bakanlar-kurulu","tag-basbakan","tag-haftalik-kabine-toplantisi","tag-imad-hamis","tag-suriye","tag-suriye-hukumeti"],"_links":{"self":[{"href":"https:\/\/archive.sana.sy\/tr\/index.php?rest_route=\/wp\/v2\/posts\/112100","targetHints":{"allow":["GET"]}}],"collection":[{"href":"https:\/\/archive.sana.sy\/tr\/index.php?rest_route=\/wp\/v2\/posts"}],"about":[{"href":"https:\/\/archive.sana.sy\/tr\/index.php?rest_route=\/wp\/v2\/types\/post"}],"author":[{"embeddable":true,"href":"https:\/\/archive.sana.sy\/tr\/index.php?rest_route=\/wp\/v2\/users\/1"}],"replies":[{"embeddable":true,"href":"https:\/\/archive.sana.sy\/tr\/index.php?rest_route=%2Fwp%2Fv2%2Fcomments&post=112100"}],"version-history":[{"count":0,"href":"https:\/\/archive.sana.sy\/tr\/index.php?rest_route=\/wp\/v2\/posts\/112100\/revisions"}],"wp:featuredmedia":[{"embeddable":true,"href":"https:\/\/archive.sana.sy\/tr\/index.php?rest_route=\/wp\/v2\/media\/112103"}],"wp:attachment":[{"href":"https:\/\/archive.sana.sy\/tr\/index.php?rest_route=%2Fwp%2Fv2%2Fmedia&parent=112100"}],"wp:term":[{"taxonomy":"category","embeddable":true,"href":"https:\/\/archive.sana.sy\/tr\/index.php?rest_route=%2Fwp%2Fv2%2Fcategories&post=112100"},{"taxonomy":"post_tag","embeddable":true,"href":"https:\/\/archive.sana.sy\/tr\/index.php?rest_route=%2Fwp%2Fv2%2Ftags&post=112100"}],"curies":[{"name":"wp","href":"https:\/\/api.w.org\/{rel}","templated":true}]}}