{"id":112110,"date":"2017-04-26T13:30:47","date_gmt":"2017-04-26T10:30:47","guid":{"rendered":"http:\/\/www.sana.sy\/tr\/?p=112110"},"modified":"2017-04-27T12:55:59","modified_gmt":"2017-04-27T09:55:59","slug":"moskova-guvenlik-konferansi-85-devletin-katilimiyla-basladi","status":"publish","type":"post","link":"https:\/\/archive.sana.sy\/tr\/?p=112110","title":{"rendered":"Moskova G\u00fcvenlik Konferans\u0131 85 Devletin Kat\u0131l\u0131m\u0131yla Ba\u015flad\u0131"},"content":{"rendered":"<p>MOSKOVA \u2013 85 devletin kat\u0131l\u0131m\u0131yla bug\u00fcn faaliyetlerine ba\u015flayan Moskova G\u00fcvenlik Konferans\u0131nda konu\u015fan Rusya Ba\u015fkan\u0131 Vladimir Putin; t\u00fcm d\u00fcnyay\u0131 tehdit eden ter\u00f6re kar\u015f\u0131 m\u00fccadelede \u00e7abalar\u0131 birle\u015ftirme gere\u011finin alt\u0131n\u0131 \u00e7izdi.<\/p>\n<p>Putin Ortado\u011fu&#8217;da ter\u00f6rle m\u00fccadele ve krizleri \u00e7\u00f6zmenin dengeli ve birle\u015ftirici bir yakla\u015f\u0131m gerektirdi\u011fini belirtti.<\/p>\n<p><span style=\"color: #0000ff\">ABD\u2019nin Sald\u0131r\u0131s\u0131ndan Sonra Ek G\u00fcvenlik \u0130craatlar\u0131 Almak Gerekiyor<\/span><\/p>\n<p>Rusya Savunma Bakan\u0131 Sergei Shoygu ise konferansta yapt\u0131\u011f\u0131 konu\u015fmada; uluslararas\u0131 ter\u00f6r\u00fcn, d\u00fcnyay\u0131 tehdit eden ana tehlikeyi te\u015fkil etti\u011fini vurgularken, I\u015e\u0130D\u2019e kar\u015f\u0131 sava\u015fan \u00fclkelerin ba\u015f\u0131nda da Suriye&#8217;nin bulundu\u011funun alt\u0131n\u0131 \u00e7izdi.<\/p>\n<p>Ter\u00f6r\u00fcn yay\u0131ld\u0131\u011f\u0131 ve t\u00fcm d\u00fcnya halklar\u0131n\u0131 tehdit etti\u011fi bir zamanda bu ter\u00f6re kar\u015f\u0131 uluslar aras\u0131 ortak bir cephenin \u015fu ana dek kurulamad\u0131\u011f\u0131na dikkat \u00e7eken Shoygu; Suriye&#8217;de Rusya ile ABD aras\u0131nda bir i\u015fbirli\u011finin olmas\u0131 gere\u011fine ra\u011fmen ABD\u2019nin \u015fu ana dek bu gereklili\u011fi idrak edemedi\u011fini kaydetti.<\/p>\n<p>Shoygu ABD\u2019nin Suriye&#8217;de askeri bir hava \u00fcss\u00fcne bulundu\u011fu sald\u0131r\u0131n\u0131n, Suriye&#8217;de bulunan Rus g\u00fc\u00e7lere bir tehdit te\u015fkil etti\u011fini belirtirken dolay\u0131s\u0131yla Rusya&#8217;n\u0131n Suriye&#8217;de ek g\u00fcvenlik icraatlar\u0131 almas\u0131n\u0131n ka\u00e7\u0131n\u0131lmaz oldu\u011funu vurgulad\u0131.<\/p>\n<p><span style=\"color: #0000ff\">Lavrov: Ter\u00f6r Benzeri G\u00f6r\u00fclmemi\u015f Boyutlar Ald\u0131<\/span><\/p>\n<p>Rusya Savunma Bakan\u0131 Sergey Lavrov ise konu\u015fmas\u0131nda; ter\u00f6rle m\u00fccadelede uluslar aras\u0131 geni\u015f bir ittifak\u0131n kurulmas\u0131 y\u00f6n\u00fcnde Rusya&#8217;n\u0131n \u00e7a\u011fr\u0131s\u0131n\u0131 yineledi. Lavrov bir k\u0131s\u0131m devletlerin ter\u00f6rle m\u00fccadelede \u00e7ifte standartl\u0131 tutumlar izlemeleri nedeniyle \u015fu ana dek ter\u00f6re kar\u015f\u0131 uluslararas\u0131 bir ittifak\u0131n kurulamad\u0131\u011f\u0131na dikkat \u00e7ekerken, ABD\u2019nin Suriye&#8217;ye bulundu\u011fu son sald\u0131r\u0131n\u0131n da bu ittifak\u0131n ufuklar\u0131n\u0131 erteledi\u011fine i\u015faret etti.<\/p>\n<p>D\u00fcnyada radikallik ve ter\u00f6r ideolojisiyle m\u00fccadeleye davet eden Lavrov; I\u015e\u0130D\u2019e kar\u015f\u0131 ekonomik ve ticari yapt\u0131r\u0131mlar\u0131n uygulanmas\u0131 gere\u011fini kaydetti.<\/p>\n<p>Lavrov ter\u00f6r\u00fcn tarihte benzeri g\u00f6r\u00fclmemi\u015f boyutlar ald\u0131\u011f\u0131n\u0131, b\u00f6lgesel ve uluslar aras\u0131 d\u00fczeyde gerginli\u011fin de t\u0131rmand\u0131\u011f\u0131n\u0131 belirtti.<\/p>\n<p><span style=\"color: #0000ff\">Patrushev: Ger\u00e7ekleri \u00c7arp\u0131tmak Sald\u0131rganlar\u0131n \u00d6zelli\u011fi Oldu<\/span><\/p>\n<p>Di\u011fer yandan Rusya Milli G\u00fcvenlik Kurulu Sekreteri Nikolai Patrushev; Rusya&#8217;n\u0131n, ter\u00f6rle ciddi bir m\u00fccadele veren devletlerin egemenli\u011fine ve i\u00e7i\u015flerine herhangi bir m\u00fcdahaleye kesinlikle kar\u015f\u0131 oldu\u011funu vurgulad\u0131.<\/p>\n<p>Patrushev ger\u00e7ekleri \u00e7arp\u0131tmak ve as\u0131ls\u0131z haberler uydurman\u0131n, egemen ve ba\u011f\u0131ms\u0131z devletlere sald\u0131ranlar\u0131n \u00f6zelli\u011fi haline geldi\u011fine dikkat \u00e7ekti.<\/p>\n","protected":false},"excerpt":{"rendered":"<p>MOSKOVA \u2013 85 devletin kat\u0131l\u0131m\u0131yla bug\u00fcn faaliyetlerine ba\u015flayan Moskova G\u00fcvenlik Konferans\u0131nda konu\u015fan Rusya Ba\u015fkan\u0131 Vladimir Putin; t\u00fcm d\u00fcnyay\u0131 tehdit eden ter\u00f6re kar\u015f\u0131 m\u00fccadelede \u00e7abalar\u0131 birle\u015ftirme gere\u011finin alt\u0131n\u0131 \u00e7izdi. Putin Ortado\u011fu&#8217;da ter\u00f6rle m\u00fccadele ve krizleri \u00e7\u00f6zmenin dengeli ve birle\u015ftirici bir yakla\u015f\u0131m gerektirdi\u011fini belirtti. ABD\u2019nin Sald\u0131r\u0131s\u0131ndan Sonra Ek G\u00fcvenlik \u0130craatlar\u0131 Almak Gerekiyor Rusya Savunma Bakan\u0131 Sergei Shoygu &hellip;<\/p>\n","protected":false},"author":1,"featured_media":112135,"comment_status":"closed","ping_status":"closed","sticky":false,"template":"","format":"standard","meta":{"footnotes":""},"categories":[458,459,17988],"tags":[18237,2318,29195,29197,18850,29196,3846,16591,4076,29198,16744],"class_list":["post-112110","post","type-post","status-publish","format-standard","has-post-thumbnail","","category-dunya1","category-haberler-arap-uluslararasi-politika","category-son-haberler","tag-cihatcilar","tag-isid","tag-moskova-guvnelik-konferansi","tag-nikolai-patrushev","tag-rusya-baskani","tag-rusya-milli-guvenlik-kurulu","tag-sergey-lavrov","tag-suriye","tag-terorle-mucadele","tag-uluslararasi-cephe","tag-vladimir-putin"],"_links":{"self":[{"href":"https:\/\/archive.sana.sy\/tr\/index.php?rest_route=\/wp\/v2\/posts\/112110","targetHints":{"allow":["GET"]}}],"collection":[{"href":"https:\/\/archive.sana.sy\/tr\/index.php?rest_route=\/wp\/v2\/posts"}],"about":[{"href":"https:\/\/archive.sana.sy\/tr\/index.php?rest_route=\/wp\/v2\/types\/post"}],"author":[{"embeddable":true,"href":"https:\/\/archive.sana.sy\/tr\/index.php?rest_route=\/wp\/v2\/users\/1"}],"replies":[{"embeddable":true,"href":"https:\/\/archive.sana.sy\/tr\/index.php?rest_route=%2Fwp%2Fv2%2Fcomments&post=112110"}],"version-history":[{"count":0,"href":"https:\/\/archive.sana.sy\/tr\/index.php?rest_route=\/wp\/v2\/posts\/112110\/revisions"}],"wp:featuredmedia":[{"embeddable":true,"href":"https:\/\/archive.sana.sy\/tr\/index.php?rest_route=\/wp\/v2\/media\/112135"}],"wp:attachment":[{"href":"https:\/\/archive.sana.sy\/tr\/index.php?rest_route=%2Fwp%2Fv2%2Fmedia&parent=112110"}],"wp:term":[{"taxonomy":"category","embeddable":true,"href":"https:\/\/archive.sana.sy\/tr\/index.php?rest_route=%2Fwp%2Fv2%2Fcategories&post=112110"},{"taxonomy":"post_tag","embeddable":true,"href":"https:\/\/archive.sana.sy\/tr\/index.php?rest_route=%2Fwp%2Fv2%2Ftags&post=112110"}],"curies":[{"name":"wp","href":"https:\/\/api.w.org\/{rel}","templated":true}]}}