{"id":112113,"date":"2017-04-26T09:46:28","date_gmt":"2017-04-26T06:46:28","guid":{"rendered":"http:\/\/www.sana.sy\/tr\/?p=112113"},"modified":"2017-04-26T13:40:08","modified_gmt":"2017-04-26T10:40:08","slug":"terorun-yayildigi-ve-tum-dunya-halklarini-tehdit-ettigi-bir-zamanda-bu-terore-karsi-uluslar-arasi-ortak-bir-cephenin-su-ana-dek-kurulamadigina-dikkat-ceken-shoygu-suriyede-rusya-ile-abd-arasinda-bi","status":"publish","type":"post","link":"https:\/\/archive.sana.sy\/tr\/?p=112113","title":{"rendered":"Ter\u00f6r\u00fcn yay\u0131ld\u0131\u011f\u0131 ve t\u00fcm d\u00fcnya halklar\u0131n\u0131 tehdit etti\u011fi bir zamanda bu ter\u00f6re kar\u015f\u0131 uluslar aras\u0131 ortak bir cephenin \u015fu ana dek kurulamad\u0131\u011f\u0131na dikkat \u00e7eken Shoygu; Suriye&#8217;de Rusya ile ABD aras\u0131nda bir i\u015fbirli\u011finin olmas\u0131 gere\u011fine ra\u011fmen ABD\u2019nin \u015fu ana dek bu gereklili\u011fi idrak edemedi\u011fini kaydetti."},"content":{"rendered":"<p>Ter\u00f6r\u00fcn yay\u0131ld\u0131\u011f\u0131 ve t\u00fcm d\u00fcnya halklar\u0131n\u0131 tehdit etti\u011fi bir zamanda bu ter\u00f6re kar\u015f\u0131 uluslar aras\u0131 ortak bir cephenin \u015fu ana dek kurulamad\u0131\u011f\u0131na dikkat \u00e7eken Shoygu; Suriye&#8217;de Rusya ile ABD aras\u0131nda bir i\u015fbirli\u011finin olmas\u0131 gere\u011fine ra\u011fmen ABD\u2019nin \u015fu ana dek bu gereklili\u011fi idrak edemedi\u011fini kaydetti.<\/p>\n","protected":false},"excerpt":{"rendered":"<p>Ter\u00f6r\u00fcn yay\u0131ld\u0131\u011f\u0131 ve t\u00fcm d\u00fcnya halklar\u0131n\u0131 tehdit etti\u011fi bir zamanda bu ter\u00f6re kar\u015f\u0131 uluslar aras\u0131 ortak bir cephenin \u015fu ana dek kurulamad\u0131\u011f\u0131na dikkat \u00e7eken Shoygu; Suriye&#8217;de Rusya ile ABD aras\u0131nda bir i\u015fbirli\u011finin olmas\u0131 gere\u011fine ra\u011fmen ABD\u2019nin \u015fu ana dek bu gereklili\u011fi idrak edemedi\u011fini kaydetti.<\/p>\n","protected":false},"author":1,"featured_media":0,"comment_status":"closed","ping_status":"closed","sticky":false,"template":"","format":"standard","meta":{"footnotes":""},"categories":[17991],"tags":[],"class_list":["post-112113","post","type-post","status-publish","format-standard","","category-son-dakika"],"_links":{"self":[{"href":"https:\/\/archive.sana.sy\/tr\/index.php?rest_route=\/wp\/v2\/posts\/112113","targetHints":{"allow":["GET"]}}],"collection":[{"href":"https:\/\/archive.sana.sy\/tr\/index.php?rest_route=\/wp\/v2\/posts"}],"about":[{"href":"https:\/\/archive.sana.sy\/tr\/index.php?rest_route=\/wp\/v2\/types\/post"}],"author":[{"embeddable":true,"href":"https:\/\/archive.sana.sy\/tr\/index.php?rest_route=\/wp\/v2\/users\/1"}],"replies":[{"embeddable":true,"href":"https:\/\/archive.sana.sy\/tr\/index.php?rest_route=%2Fwp%2Fv2%2Fcomments&post=112113"}],"version-history":[{"count":0,"href":"https:\/\/archive.sana.sy\/tr\/index.php?rest_route=\/wp\/v2\/posts\/112113\/revisions"}],"wp:attachment":[{"href":"https:\/\/archive.sana.sy\/tr\/index.php?rest_route=%2Fwp%2Fv2%2Fmedia&parent=112113"}],"wp:term":[{"taxonomy":"category","embeddable":true,"href":"https:\/\/archive.sana.sy\/tr\/index.php?rest_route=%2Fwp%2Fv2%2Fcategories&post=112113"},{"taxonomy":"post_tag","embeddable":true,"href":"https:\/\/archive.sana.sy\/tr\/index.php?rest_route=%2Fwp%2Fv2%2Ftags&post=112113"}],"curies":[{"name":"wp","href":"https:\/\/api.w.org\/{rel}","templated":true}]}}