{"id":11213,"date":"2014-09-25T22:52:34","date_gmt":"2014-09-25T19:52:34","guid":{"rendered":"http:\/\/www.sana.sy\/tr\/?p=11213"},"modified":"2014-09-25T22:52:20","modified_gmt":"2014-09-25T19:52:20","slug":"kin-ve-nefretten-baska-hicbir-nedeni-yoktur","status":"publish","type":"post","link":"https:\/\/archive.sana.sy\/tr\/?p=11213","title":{"rendered":"Kin ve Nefretten ba\u015fka Hi\u00e7bir Nedeni Yoktur"},"content":{"rendered":"<p>\u015eAM \u2013 Suudi Arabistan&#8217;\u0131n bu y\u0131l da Suriyelileri hac farz\u0131n\u0131 yerine getirmelerinden menetmesi ard\u0131ndan Vak\u0131flar Bakanl\u0131\u011f\u0131 bug\u00fcn yay\u0131nlad\u0131\u011f\u0131 genelgede Zilhicce ay\u0131n\u0131n ilk on g\u00fcn\u00fc, Arafat g\u00fcn\u00fc ve m\u00fcbarek kurban bayram\u0131 g\u00fcnlerinin tamam\u0131n\u0131n Suriye&#8217;de g\u00fcvenli\u011fin sa\u011flanmas\u0131 i\u00e7in dua ve namaz g\u00fcnleri olmas\u0131 \u00e7a\u011fr\u0131s\u0131nda bulundu.<\/p>\n<p>Bakanl\u0131k genelgede kendisine tabi t\u00fcm kurum, enstit\u00fc, okul, cami ve mescitleri t\u00fcm bu s\u00fcre i\u00e7inde Suriye&#8217;yi korumas\u0131, g\u00fcvenlik ve istikrar\u0131 yeniden sa\u011flamas\u0131, Suriye Arap ordusunun en k\u0131sa zamanda zaferi sa\u011flamas\u0131 ve \u015fehitlerin rahmete kavu\u015fmalar\u0131 i\u00e7in y\u00fcce Allaha dua ve niyazda bulunmaya \u00e7a\u011f\u0131rd\u0131.<\/p>\n<p>Bakanl\u0131k Suudi Arabistan\u2019\u0131n Suriyelileri hac farz\u0131ndan menetmesinin din, ahlak ve t\u00fcm kurallara tamamen ayk\u0131r\u0131 oldu\u011funun alt\u0131n\u0131 \u00e7izerken \u0130slam aleminin tarih boyunca b\u00f6yle bir kin ve nefrete tan\u0131k olmad\u0131\u011f\u0131na i\u015faret etti. Suudi krall\u0131k rejiminin Suriyelileri kutsal hac farz\u0131n\u0131 yerine getirmelerinden men etmesi i\u00e7in hi\u00e7bir ge\u00e7erli yada hakl\u0131 nedeni olmad\u0131\u011f\u0131n\u0131 vurgulayan Bakanl\u0131k, yegane sebebin Suudi rejiminin Suriye ve halk\u0131na duydu\u011fu kin, nefret, \u00f6fke ve d\u00fc\u015fmanl\u0131k oldu\u011funu kaydetti.<\/p>\n<p>Bilinece\u011fi \u00fczere Suudi krall\u0131k rejimi ard\u0131 ard\u0131na \u00fc\u00e7\u00fcnc\u00fc y\u0131lda Suriyelileri hac farz\u0131n\u0131 yerine getirmekten menediyor.<\/p>\n","protected":false},"excerpt":{"rendered":"<p>\u015eAM \u2013 Suudi Arabistan&#8217;\u0131n bu y\u0131l da Suriyelileri hac farz\u0131n\u0131 yerine getirmelerinden menetmesi ard\u0131ndan Vak\u0131flar Bakanl\u0131\u011f\u0131 bug\u00fcn yay\u0131nlad\u0131\u011f\u0131 genelgede Zilhicce ay\u0131n\u0131n ilk on g\u00fcn\u00fc, Arafat g\u00fcn\u00fc ve m\u00fcbarek kurban bayram\u0131 g\u00fcnlerinin tamam\u0131n\u0131n Suriye&#8217;de g\u00fcvenli\u011fin sa\u011flanmas\u0131 i\u00e7in dua ve namaz g\u00fcnleri olmas\u0131 \u00e7a\u011fr\u0131s\u0131nda bulundu. Bakanl\u0131k genelgede kendisine tabi t\u00fcm kurum, enstit\u00fc, okul, cami ve mescitleri t\u00fcm &hellip;<\/p>\n","protected":false},"author":1,"featured_media":11255,"comment_status":"closed","ping_status":"closed","sticky":false,"template":"","format":"standard","meta":{"footnotes":""},"categories":[479,478],"tags":[2716],"class_list":["post-11213","post","type-post","status-publish","format-standard","has-post-thumbnail","","category-haberler-yerel","category-yerel","tag-kin-ve-nefretten-baska-hicbir-nedeni-yoktur"],"_links":{"self":[{"href":"https:\/\/archive.sana.sy\/tr\/index.php?rest_route=\/wp\/v2\/posts\/11213","targetHints":{"allow":["GET"]}}],"collection":[{"href":"https:\/\/archive.sana.sy\/tr\/index.php?rest_route=\/wp\/v2\/posts"}],"about":[{"href":"https:\/\/archive.sana.sy\/tr\/index.php?rest_route=\/wp\/v2\/types\/post"}],"author":[{"embeddable":true,"href":"https:\/\/archive.sana.sy\/tr\/index.php?rest_route=\/wp\/v2\/users\/1"}],"replies":[{"embeddable":true,"href":"https:\/\/archive.sana.sy\/tr\/index.php?rest_route=%2Fwp%2Fv2%2Fcomments&post=11213"}],"version-history":[{"count":0,"href":"https:\/\/archive.sana.sy\/tr\/index.php?rest_route=\/wp\/v2\/posts\/11213\/revisions"}],"wp:featuredmedia":[{"embeddable":true,"href":"https:\/\/archive.sana.sy\/tr\/index.php?rest_route=\/wp\/v2\/media\/11255"}],"wp:attachment":[{"href":"https:\/\/archive.sana.sy\/tr\/index.php?rest_route=%2Fwp%2Fv2%2Fmedia&parent=11213"}],"wp:term":[{"taxonomy":"category","embeddable":true,"href":"https:\/\/archive.sana.sy\/tr\/index.php?rest_route=%2Fwp%2Fv2%2Fcategories&post=11213"},{"taxonomy":"post_tag","embeddable":true,"href":"https:\/\/archive.sana.sy\/tr\/index.php?rest_route=%2Fwp%2Fv2%2Ftags&post=11213"}],"curies":[{"name":"wp","href":"https:\/\/api.w.org\/{rel}","templated":true}]}}