{"id":112136,"date":"2017-04-26T12:30:46","date_gmt":"2017-04-26T09:30:46","guid":{"rendered":"http:\/\/www.sana.sy\/tr\/?p=112136"},"modified":"2017-04-27T12:55:55","modified_gmt":"2017-04-27T09:55:55","slug":"hama-demir-celik-fabrikasi-yeniden-uretime-basladi","status":"publish","type":"post","link":"https:\/\/archive.sana.sy\/tr\/?p=112136","title":{"rendered":"Hama Demir \u00c7elik Fabrikas\u0131 Yeniden \u00dcretime Ba\u015flad\u0131"},"content":{"rendered":"<p>HAMA \u2013 Hama Valisi Muhammed el Hazzuri onar\u0131l\u0131p yenilenmesi ard\u0131ndan yeniden \u00fcretime ge\u00e7en Hama Demir \u00c7elik Fabrikas\u0131na saha gezisinde bulunarak incelemelerde bulundu.<\/p>\n<p>Vali Hazzuri Hama Demir \u00c7elik Kamu \u015eirketine tabi \u00e7ubuk demir fabrikas\u0131 ve hurda demir eritme fabrikas\u0131n\u0131n yeniden \u00fcretime ge\u00e7mesinin ulusal ekonominin desteklenmesine b\u00fcy\u00fck deste\u011fi olaca\u011f\u0131n\u0131 belirtti.<\/p>\n<p>Demir \u00c7elik Fabrikas\u0131na saha ziyareti ard\u0131ndan Vali Hazzuri Navair Petrol \u0130stasyonunda da incelemelerde bulunmas\u0131 ard\u0131ndan yasad\u0131\u015f\u0131 petrol sat\u0131\u015f\u0131 nedeniyle istasyon m\u00fcd\u00fcr\u00fcn\u00fc tefti\u015f komisyonuna sevk etti.<\/p>\n<p>Hama Valisi Hazzuri; daha sonra her \u00c7ar\u015famba g\u00fcn\u00fc oldu\u011fu gibi Hamal\u0131 vatanda\u015flarla bir araya gelerek sorun ve taleplerini dinlemesi ard\u0131ndan bu sorunlar\u0131n en k\u0131sa s\u00fcre i\u00e7inde \u00e7\u00f6z\u00fclmesi y\u00f6n\u00fcnde ilgili kurumlara gereken y\u00f6nlendirmelerde bulundu.<\/p>\n","protected":false},"excerpt":{"rendered":"<p>HAMA \u2013 Hama Valisi Muhammed el Hazzuri onar\u0131l\u0131p yenilenmesi ard\u0131ndan yeniden \u00fcretime ge\u00e7en Hama Demir \u00c7elik Fabrikas\u0131na saha gezisinde bulunarak incelemelerde bulundu. Vali Hazzuri Hama Demir \u00c7elik Kamu \u015eirketine tabi \u00e7ubuk demir fabrikas\u0131 ve hurda demir eritme fabrikas\u0131n\u0131n yeniden \u00fcretime ge\u00e7mesinin ulusal ekonominin desteklenmesine b\u00fcy\u00fck deste\u011fi olaca\u011f\u0131n\u0131 belirtti. Demir \u00c7elik Fabrikas\u0131na saha ziyareti ard\u0131ndan Vali &hellip;<\/p>\n","protected":false},"author":1,"featured_media":112138,"comment_status":"closed","ping_status":"closed","sticky":false,"template":"","format":"standard","meta":{"footnotes":""},"categories":[485,486,17988],"tags":[21019,29199,20556,25922],"class_list":["post-112136","post","type-post","status-publish","format-standard","has-post-thumbnail","","category-is-ve-sermaye","category-haberler-is-ve-sermaye","category-son-haberler","tag-demir-celik-fabrikasi","tag-hama-demir-celik-fabrikasi","tag-hama-valisi","tag-muhammed-el-hazzuri"],"_links":{"self":[{"href":"https:\/\/archive.sana.sy\/tr\/index.php?rest_route=\/wp\/v2\/posts\/112136","targetHints":{"allow":["GET"]}}],"collection":[{"href":"https:\/\/archive.sana.sy\/tr\/index.php?rest_route=\/wp\/v2\/posts"}],"about":[{"href":"https:\/\/archive.sana.sy\/tr\/index.php?rest_route=\/wp\/v2\/types\/post"}],"author":[{"embeddable":true,"href":"https:\/\/archive.sana.sy\/tr\/index.php?rest_route=\/wp\/v2\/users\/1"}],"replies":[{"embeddable":true,"href":"https:\/\/archive.sana.sy\/tr\/index.php?rest_route=%2Fwp%2Fv2%2Fcomments&post=112136"}],"version-history":[{"count":0,"href":"https:\/\/archive.sana.sy\/tr\/index.php?rest_route=\/wp\/v2\/posts\/112136\/revisions"}],"wp:featuredmedia":[{"embeddable":true,"href":"https:\/\/archive.sana.sy\/tr\/index.php?rest_route=\/wp\/v2\/media\/112138"}],"wp:attachment":[{"href":"https:\/\/archive.sana.sy\/tr\/index.php?rest_route=%2Fwp%2Fv2%2Fmedia&parent=112136"}],"wp:term":[{"taxonomy":"category","embeddable":true,"href":"https:\/\/archive.sana.sy\/tr\/index.php?rest_route=%2Fwp%2Fv2%2Fcategories&post=112136"},{"taxonomy":"post_tag","embeddable":true,"href":"https:\/\/archive.sana.sy\/tr\/index.php?rest_route=%2Fwp%2Fv2%2Ftags&post=112136"}],"curies":[{"name":"wp","href":"https:\/\/api.w.org\/{rel}","templated":true}]}}