{"id":112137,"date":"2017-04-26T14:14:47","date_gmt":"2017-04-26T11:14:47","guid":{"rendered":"http:\/\/www.sana.sy\/tr\/?p=112137"},"modified":"2017-04-27T12:56:25","modified_gmt":"2017-04-27T09:56:25","slug":"sivilleri-hedef-almaya-devam-ediyorlar","status":"publish","type":"post","link":"https:\/\/archive.sana.sy\/tr\/?p=112137","title":{"rendered":"Sivilleri Hedef Almaya Devam Ediyorlar"},"content":{"rendered":"<p>\u0130LLER \u2013 D\u00fc\u015fman rejimlerin Suriye ve halk\u0131na y\u00f6nelik sava\u015flar\u0131nda edat olarak kulland\u0131klar\u0131 ter\u00f6ristlerin sivil vatanda\u015flara sald\u0131r\u0131lar\u0131nda bug\u00fcn yine bir\u00e7ok masum vatanda\u015f kurban gitti.<\/p>\n<p><span style=\"color: #0000ff\">\u015eAM:<\/span><\/p>\n<p>\u015eam Emniyet M\u00fcd\u00fcrl\u00fc\u011f\u00fcnde bir kaynak SANA\u2019ya a\u00e7\u0131klamalar\u0131nda Do\u011fu \u011euta ve Kabun b\u00f6lgelerinde bulunan tekfirci ter\u00f6r \u00e7etelerinin \u015eam\u2019\u0131n muhtelif b\u00f6lgelerine gaddar f\u00fcze sald\u0131r\u0131lar\u0131n\u0131 bug\u00fcn de s\u00fcrd\u00fcrd\u00fcklerini belirtti.<\/p>\n<p>Kaynak ba\u015fkentin sivil yerle\u015fim alanlar\u0131ndan Ebu Rummane Semtine d\u00fc\u015fen ter\u00f6r f\u00fczesi sonucunda 2 kad\u0131n\u0131n \u015fehit d\u00fc\u015ft\u00fc\u011f\u00fcn\u00fc, 1 vatanda\u015f\u0131n da yaraland\u0131\u011f\u0131n\u0131 aktard\u0131.<\/p>\n<p><span style=\"color: #0000ff\">HAMA:<\/span><\/p>\n<p>Bu arada Hama Valili\u011finde bir kaynak; T\u00fcrkiye ve Suudi Arabistan rejimlerinin destekleyip y\u00f6nlendirdikleri Nusra Cephesinden tekfirci ter\u00f6ristlerin il k\u0131rsal\u0131n\u0131n g\u00fcneybat\u0131s\u0131nda yer alan Kurmus Beldesini f\u00fczelerle hedef ald\u0131klar\u0131n\u0131 belirtti.<\/p>\n<p>Kayak ter\u00f6ristlerin sivil evleri hedef alan f\u00fcze sald\u0131r\u0131lar\u0131nda 2 kad\u0131n vatanda\u015f\u0131n \u015fehit d\u00fc\u015ft\u00fcklerini kaydetti.<\/p>\n<p><span style=\"color: #0000ff\">KUNAYTRA:<\/span><\/p>\n<p>Kunaytra Valili\u011finde bir kaynak ise SANA\u2019ya a\u00e7\u0131klamalar\u0131nda; \u0130srail destekli Nusra Cephesi ve m\u00fcttefikleri di\u011fer ter\u00f6r \u00e7etelerinin bug\u00fcn Baas Kentine yine f\u00fcze sald\u0131r\u0131lar\u0131nda bulunduklar\u0131n\u0131 belirtti.<\/p>\n<p>Kaynak f\u00fczelerden birinin Maliye M\u00fcd\u00fcrl\u00fc\u011f\u00fcne d\u00fc\u015fmesi sonucunda m\u00fcd\u00fcrl\u00fck \u00e7al\u0131\u015fanlar\u0131ndan bir bayan personelin \u015fehit d\u00fc\u015ft\u00fc\u011f\u00fcn\u00fc, 2 personelin de yaraland\u0131\u011f\u0131n\u0131 aktard\u0131.<\/p>\n<p>Ter\u00f6ristlerin d\u00fcn de Baas Kentinde E\u011fitim M\u00fcd\u00fcrl\u00fc\u011f\u00fcn\u00fc f\u00fczelerle hedef ald\u0131klar\u0131na dikkat \u00e7eken kaynak; ter\u00f6r sald\u0131r\u0131s\u0131nda sadece maddi hasar\u0131n meydana geldi\u011fini ifade etti.<\/p>\n<p>Hmeydiye e H\u00fcrriyet beldelerinin yan\u0131 s\u0131ra Cebata el Ha\u015fab ormanl\u0131klar\u0131nda bulunan tekfirci ve hain ter\u00f6ristlerin Han Arnebe, Hadar ve Baas b\u00f6lgelerine de f\u00fczelerle sald\u0131rd\u0131klar\u0131na dikkat eken kaynak; bu sald\u0131r\u0131larda \u00f6zel ve kamu m\u00fclklerde b\u00fcy\u00fck maddi hasarlar\u0131n meydana geldi\u011fini s\u00f6yledi.<\/p>\n<p><span style=\"color: #0000ff\">S\u00dcVEYDA:<\/span><\/p>\n<p>Di\u011fer yandan S\u00fcveyda \u0130l Emniyet M\u00fcd\u00fcrl\u00fc\u011f\u00fcnde bir kaynak; eli kanl\u0131 ter\u00f6ristlerin S\u00fcveyda Kentinin yakla\u015f\u0131k 19 km g\u00fcneyinde yer alan ve Dera il idari s\u0131n\u0131rlar\u0131na yak\u0131n Gadir B\u00f6glesinde ka\u00e7ak bir yolun kenarlar\u0131na yerle\u015ftirdikleri bir bomba d\u00fczene\u011fini \u00f6zel bir arac\u0131n ge\u00e7i\u015fi s\u0131ras\u0131nda havaya u\u00e7urduklar\u0131n\u0131 belirtti.<\/p>\n<p>Kaynak gaddar bombal\u0131 ter\u00f6r eyleminde ara\u00e7ta bulunan bir ki\u015finin \u015fehit d\u00fc\u015ft\u00fc\u011f\u00fcn\u00fc, iki ki\u015finin de yaraland\u0131\u011f\u0131n\u0131 aktard\u0131.<\/p>\n","protected":false},"excerpt":{"rendered":"<p>\u0130LLER \u2013 D\u00fc\u015fman rejimlerin Suriye ve halk\u0131na y\u00f6nelik sava\u015flar\u0131nda edat olarak kulland\u0131klar\u0131 ter\u00f6ristlerin sivil vatanda\u015flara sald\u0131r\u0131lar\u0131nda bug\u00fcn yine bir\u00e7ok masum vatanda\u015f kurban gitti. \u015eAM: \u015eam Emniyet M\u00fcd\u00fcrl\u00fc\u011f\u00fcnde bir kaynak SANA\u2019ya a\u00e7\u0131klamalar\u0131nda Do\u011fu \u011euta ve Kabun b\u00f6lgelerinde bulunan tekfirci ter\u00f6r \u00e7etelerinin \u015eam\u2019\u0131n muhtelif b\u00f6lgelerine gaddar f\u00fcze sald\u0131r\u0131lar\u0131n\u0131 bug\u00fcn de s\u00fcrd\u00fcrd\u00fcklerini belirtti. Kaynak ba\u015fkentin sivil yerle\u015fim alanlar\u0131ndan &hellip;<\/p>\n","protected":false},"author":1,"featured_media":112141,"comment_status":"closed","ping_status":"closed","sticky":false,"template":"","format":"standard","meta":{"footnotes":""},"categories":[479,575,17988,478],"tags":[3464,17816,18237,18576,18577,17274,17273,2318,3564,18347,18174,19043,22182,19034,29200],"class_list":["post-112137","post","type-post","status-publish","format-standard","has-post-thumbnail","","category-haberler-yerel","category-olaylar-ve-gercekler","category-son-haberler","category-yerel","tag-nusra-cephesi","tag-bomba-duzenegi","tag-cihatcilar","tag-daes","tag-deas","tag-fuze-saldirisi","tag-havan-saldirisi","tag-isid","tag-kunaytra","tag-oso","tag-sivillere-saldiri","tag-suriyede-son-durum","tag-suriyede-savas","tag-suriyeli-muhalifler","tag-vatandaslarin-evlerine-saldiri"],"_links":{"self":[{"href":"https:\/\/archive.sana.sy\/tr\/index.php?rest_route=\/wp\/v2\/posts\/112137","targetHints":{"allow":["GET"]}}],"collection":[{"href":"https:\/\/archive.sana.sy\/tr\/index.php?rest_route=\/wp\/v2\/posts"}],"about":[{"href":"https:\/\/archive.sana.sy\/tr\/index.php?rest_route=\/wp\/v2\/types\/post"}],"author":[{"embeddable":true,"href":"https:\/\/archive.sana.sy\/tr\/index.php?rest_route=\/wp\/v2\/users\/1"}],"replies":[{"embeddable":true,"href":"https:\/\/archive.sana.sy\/tr\/index.php?rest_route=%2Fwp%2Fv2%2Fcomments&post=112137"}],"version-history":[{"count":0,"href":"https:\/\/archive.sana.sy\/tr\/index.php?rest_route=\/wp\/v2\/posts\/112137\/revisions"}],"wp:featuredmedia":[{"embeddable":true,"href":"https:\/\/archive.sana.sy\/tr\/index.php?rest_route=\/wp\/v2\/media\/112141"}],"wp:attachment":[{"href":"https:\/\/archive.sana.sy\/tr\/index.php?rest_route=%2Fwp%2Fv2%2Fmedia&parent=112137"}],"wp:term":[{"taxonomy":"category","embeddable":true,"href":"https:\/\/archive.sana.sy\/tr\/index.php?rest_route=%2Fwp%2Fv2%2Fcategories&post=112137"},{"taxonomy":"post_tag","embeddable":true,"href":"https:\/\/archive.sana.sy\/tr\/index.php?rest_route=%2Fwp%2Fv2%2Ftags&post=112137"}],"curies":[{"name":"wp","href":"https:\/\/api.w.org\/{rel}","templated":true}]}}