{"id":112140,"date":"2017-04-26T11:03:50","date_gmt":"2017-04-26T08:03:50","guid":{"rendered":"http:\/\/www.sana.sy\/tr\/?p=112140"},"modified":"2017-04-26T14:21:38","modified_gmt":"2017-04-26T11:21:38","slug":"hama-valiliginde-bir-kaynak-turkiye-ve-suudi-arabistan-rejimlerinin-destekleyip-yonlendirdikleri-nusra-cephesinden-tekfirci-teroristlerin-il-kirsalinin-guneybatisinda-yer-alan-kurmus-beldesini-fuzele","status":"publish","type":"post","link":"https:\/\/archive.sana.sy\/tr\/?p=112140","title":{"rendered":"Hama Valili\u011finde bir kaynak; T\u00fcrkiye ve Suudi Arabistan rejimlerinin destekleyip y\u00f6nlendirdikleri Nusra Cephesinden tekfirci ter\u00f6ristlerin il k\u0131rsal\u0131n\u0131n g\u00fcneybat\u0131s\u0131nda yer alan Kurmus Beldesini f\u00fczelerle hedef ald\u0131klar\u0131n\u0131 belirtti"},"content":{"rendered":"<p>Hama Valili\u011finde bir kaynak; T\u00fcrkiye ve Suudi Arabistan rejimlerinin destekleyip y\u00f6nlendirdikleri Nusra Cephesinden tekfirci ter\u00f6ristlerin il k\u0131rsal\u0131n\u0131n g\u00fcneybat\u0131s\u0131nda yer alan Kurmus Beldesini f\u00fczelerle hedef ald\u0131klar\u0131n\u0131 belirtti<\/p>\n","protected":false},"excerpt":{"rendered":"<p>Hama Valili\u011finde bir kaynak; T\u00fcrkiye ve Suudi Arabistan rejimlerinin destekleyip y\u00f6nlendirdikleri Nusra Cephesinden tekfirci ter\u00f6ristlerin il k\u0131rsal\u0131n\u0131n g\u00fcneybat\u0131s\u0131nda yer alan Kurmus Beldesini f\u00fczelerle hedef ald\u0131klar\u0131n\u0131 belirtti<\/p>\n","protected":false},"author":1,"featured_media":0,"comment_status":"closed","ping_status":"closed","sticky":false,"template":"","format":"standard","meta":{"footnotes":""},"categories":[17991],"tags":[],"class_list":["post-112140","post","type-post","status-publish","format-standard","","category-son-dakika"],"_links":{"self":[{"href":"https:\/\/archive.sana.sy\/tr\/index.php?rest_route=\/wp\/v2\/posts\/112140","targetHints":{"allow":["GET"]}}],"collection":[{"href":"https:\/\/archive.sana.sy\/tr\/index.php?rest_route=\/wp\/v2\/posts"}],"about":[{"href":"https:\/\/archive.sana.sy\/tr\/index.php?rest_route=\/wp\/v2\/types\/post"}],"author":[{"embeddable":true,"href":"https:\/\/archive.sana.sy\/tr\/index.php?rest_route=\/wp\/v2\/users\/1"}],"replies":[{"embeddable":true,"href":"https:\/\/archive.sana.sy\/tr\/index.php?rest_route=%2Fwp%2Fv2%2Fcomments&post=112140"}],"version-history":[{"count":0,"href":"https:\/\/archive.sana.sy\/tr\/index.php?rest_route=\/wp\/v2\/posts\/112140\/revisions"}],"wp:attachment":[{"href":"https:\/\/archive.sana.sy\/tr\/index.php?rest_route=%2Fwp%2Fv2%2Fmedia&parent=112140"}],"wp:term":[{"taxonomy":"category","embeddable":true,"href":"https:\/\/archive.sana.sy\/tr\/index.php?rest_route=%2Fwp%2Fv2%2Fcategories&post=112140"},{"taxonomy":"post_tag","embeddable":true,"href":"https:\/\/archive.sana.sy\/tr\/index.php?rest_route=%2Fwp%2Fv2%2Ftags&post=112140"}],"curies":[{"name":"wp","href":"https:\/\/api.w.org\/{rel}","templated":true}]}}