{"id":11216,"date":"2014-09-25T19:34:16","date_gmt":"2014-09-25T16:34:16","guid":{"rendered":"http:\/\/www.sana.sy\/tr\/?p=11216"},"modified":"2014-09-25T23:34:02","modified_gmt":"2014-09-25T20:34:02","slug":"abdden-turkiyede-bulunan-vatandaslarina-dikkatli-olma-cagrisi","status":"publish","type":"post","link":"https:\/\/archive.sana.sy\/tr\/?p=11216","title":{"rendered":"ABD\u2019den T\u00fcrkiye\u2019de Bulunan Vatanda\u015flar\u0131na Dikkatli Olma \u00c7a\u011fr\u0131s\u0131"},"content":{"rendered":"<p>ANKARA \u2013 T\u00fcrkiye\u2019de I\u015e\u0130D ile su\u00e7 ortakl\u0131\u011f\u0131 yapanlar\u0131n say\u0131s\u0131n\u0131n git gide artt\u0131\u011f\u0131n\u0131 ortaya koyan raporlar\u0131n say\u0131s\u0131n\u0131n artmaya devam etmesi \u00fczerine ABD; i\u015fbirlik\u00e7ileriyle birlikte Suriye&#8217;de bulunan I\u015e\u0130D mevkilerine y\u00f6nelik bombard\u0131mana tepki olarak, T\u00fcrkiye\u2019de bulunan vatanda\u015flar\u0131na kar\u015f\u0131 ter\u00f6r sald\u0131r\u0131s\u0131 d\u00fczenlenme olas\u0131l\u0131\u011f\u0131na ili\u015fkin bir uyar\u0131 beyan\u0131 yay\u0131nlad\u0131.<\/p>\n<p>T\u00fcrkiye, y\u0131llard\u0131r d\u00fcnyan\u0131n d\u00f6rt bir yan\u0131ndan Suriye\u2019ye gelen ter\u00f6ristler i\u00e7in s\u0131n\u0131rlar\u0131n\u0131 ard\u0131na kadar a\u00e7makla kalmam\u0131\u015f bu ter\u00f6ristlere gerekli lojistik ve askeri deste\u011fin yan\u0131 s\u0131ra onlar i\u00e7in askeri e\u011fitim kamplar\u0131 kurmu\u015f ve ter\u00f6r faaliyetlerini uygulamalar\u0131 i\u00e7in gerekli b\u00fct\u00fcn kolayl\u0131klar\u0131 sa\u011flam\u0131\u015ft\u0131r.<\/p>\n<p>Frans\u0131z Haber Ajans\u0131 Associated Press, T\u00fcrkiye\u2019de bulunan ABD B\u00fcy\u00fckel\u00e7ili\u011finin ge\u00e7ti\u011fimiz gece yapt\u0131\u011f\u0131 a\u00e7\u0131klamada; \u015fu ana kadar herhangi somut bir tehdit bulunmad\u0131\u011f\u0131n\u0131 ancak T\u00fcrkiye\u2019de ter\u00f6r sald\u0131r\u0131s\u0131 d\u00fczenlenme ihtimali bulundu\u011funu ifade etti\u011fini aktard\u0131.<\/p>\n<p>T\u00fcrkiye\u2019de bulunan ABD vatanda\u015flar\u0131na dikkatli olma \u00e7a\u011fr\u0131s\u0131nda bulunan B\u00fcy\u00fckel\u00e7ilik; \u00f6zellikle T\u00fcrkiye\u2019nin do\u011fu ve g\u00fcneydo\u011fu b\u00f6lgelerinde ter\u00f6r sald\u0131r\u0131s\u0131 ihtimalinin daha y\u00fcksek oldu\u011funu belirtti.<\/p>\n<p>T\u00fcrkiye\u2019de Recep Tayip Erdo\u011fan iktidar\u0131n\u0131n I\u015e\u0130D ter\u00f6r \u00f6rg\u00fct\u00fcn destekledi\u011fine y\u00f6nelik somut kan\u0131tlara her ge\u00e7en g\u00fcn bir yenisi ekleniyor.<\/p>\n<p>Son olarak Bar\u0131\u015f ve Demokrasi Partisi Diyarbak\u0131r \u0130l Ba\u015fkan\u0131 Z\u00fcbeyde Z\u00fcmr\u00fct; AKP iktidar\u0131n\u0131n Diyarbak\u0131r\u2019da I\u015e\u0130D\u2019e destek sa\u011flamak amac\u0131yla 400 cemiyet kurdu\u011funu ortaya koydu.<\/p>\n","protected":false},"excerpt":{"rendered":"<p>ANKARA \u2013 T\u00fcrkiye\u2019de I\u015e\u0130D ile su\u00e7 ortakl\u0131\u011f\u0131 yapanlar\u0131n say\u0131s\u0131n\u0131n git gide artt\u0131\u011f\u0131n\u0131 ortaya koyan raporlar\u0131n say\u0131s\u0131n\u0131n artmaya devam etmesi \u00fczerine ABD; i\u015fbirlik\u00e7ileriyle birlikte Suriye&#8217;de bulunan I\u015e\u0130D mevkilerine y\u00f6nelik bombard\u0131mana tepki olarak, T\u00fcrkiye\u2019de bulunan vatanda\u015flar\u0131na kar\u015f\u0131 ter\u00f6r sald\u0131r\u0131s\u0131 d\u00fczenlenme olas\u0131l\u0131\u011f\u0131na ili\u015fkin bir uyar\u0131 beyan\u0131 yay\u0131nlad\u0131. T\u00fcrkiye, y\u0131llard\u0131r d\u00fcnyan\u0131n d\u00f6rt bir yan\u0131ndan Suriye\u2019ye gelen ter\u00f6ristler i\u00e7in s\u0131n\u0131rlar\u0131n\u0131 &hellip;<\/p>\n","protected":false},"author":1,"featured_media":11217,"comment_status":"closed","ping_status":"closed","sticky":false,"template":"","format":"standard","meta":{"footnotes":""},"categories":[458,459,447],"tags":[2717],"class_list":["post-11216","post","type-post","status-publish","format-standard","has-post-thumbnail","","category-dunya1","category-haberler-arap-uluslararasi-politika","category-politika","tag-abdden-turkiyede-bulunan-vatandaslarina-dikkatli-olma-cagrisi"],"_links":{"self":[{"href":"https:\/\/archive.sana.sy\/tr\/index.php?rest_route=\/wp\/v2\/posts\/11216","targetHints":{"allow":["GET"]}}],"collection":[{"href":"https:\/\/archive.sana.sy\/tr\/index.php?rest_route=\/wp\/v2\/posts"}],"about":[{"href":"https:\/\/archive.sana.sy\/tr\/index.php?rest_route=\/wp\/v2\/types\/post"}],"author":[{"embeddable":true,"href":"https:\/\/archive.sana.sy\/tr\/index.php?rest_route=\/wp\/v2\/users\/1"}],"replies":[{"embeddable":true,"href":"https:\/\/archive.sana.sy\/tr\/index.php?rest_route=%2Fwp%2Fv2%2Fcomments&post=11216"}],"version-history":[{"count":0,"href":"https:\/\/archive.sana.sy\/tr\/index.php?rest_route=\/wp\/v2\/posts\/11216\/revisions"}],"wp:featuredmedia":[{"embeddable":true,"href":"https:\/\/archive.sana.sy\/tr\/index.php?rest_route=\/wp\/v2\/media\/11217"}],"wp:attachment":[{"href":"https:\/\/archive.sana.sy\/tr\/index.php?rest_route=%2Fwp%2Fv2%2Fmedia&parent=11216"}],"wp:term":[{"taxonomy":"category","embeddable":true,"href":"https:\/\/archive.sana.sy\/tr\/index.php?rest_route=%2Fwp%2Fv2%2Fcategories&post=11216"},{"taxonomy":"post_tag","embeddable":true,"href":"https:\/\/archive.sana.sy\/tr\/index.php?rest_route=%2Fwp%2Fv2%2Ftags&post=11216"}],"curies":[{"name":"wp","href":"https:\/\/api.w.org\/{rel}","templated":true}]}}