{"id":112161,"date":"2017-04-26T14:45:39","date_gmt":"2017-04-26T11:45:39","guid":{"rendered":"http:\/\/www.sana.sy\/tr\/?p=112161"},"modified":"2017-04-27T12:54:35","modified_gmt":"2017-04-27T09:54:35","slug":"bolgede-yasananlarin-temel-cevheri-filistindir","status":"publish","type":"post","link":"https:\/\/archive.sana.sy\/tr\/?p=112161","title":{"rendered":"B\u00f6lgede Ya\u015fananlar\u0131n Temel Cevheri Filistin\u2019dir"},"content":{"rendered":"<p>\u015eAM \u2013 Uluslararas\u0131 Kud\u00fcs Kurumu Suriye Kolu Kud\u00fcs K\u00fclt\u00fcr G\u00fcn\u00fc m\u00fcnasebetiyle \u015eam\u2019daki Esad K\u00fct\u00fcphanesi konferans salonunda \u2018Bir Topra\u011f\u0131n Hikayesi\u2019 slogan\u0131 alt\u0131nda faaliyet d\u00fczenledi.<\/p>\n<p>Cumhurba\u015fkanl\u0131\u011f\u0131 Siyasi ve Bas\u0131n Dan\u0131\u015fman\u0131 B\u00fcseyna \u015eaban faaliyetin a\u00e7\u0131l\u0131\u015f\u0131nda yapt\u0131\u011f\u0131 konu\u015fmada; b\u00f6lge ve halklar\u0131n\u0131n maruz kald\u0131klar\u0131 t\u00fcm bu ter\u00f6r ve komplolar\u0131n temel cevherinin Filistin oldu\u011funun alt\u0131n\u0131 \u00e7izdi. \u015eaban Filistin&#8217;in yan\u0131nda duranlar ve onu destekleyenlerin her \u015feyden \u00f6nce kendilerini desteklediklerini ifade etti.<\/p>\n<p>Siyonist \u0130srail ve ABD\u2019nin yan\u0131 s\u0131ra onlarla i\u015fbirli\u011fi yapan kimi rejimlerin Filistin davas\u0131n\u0131 Filistinlilerin aleyhine tasfiye etmeye \u00e7al\u0131\u015ft\u0131klar\u0131na vurgu yapan \u015eaban; Filistin ve halk\u0131na en b\u00fcy\u00fck deste\u011fi veren Suriye ve halk\u0131n\u0131n da bu ama\u00e7la bu denli h\u0131r\u00e7\u0131n bir uluslar aras\u0131 ter\u00f6re maruz kald\u0131\u011f\u0131n\u0131 belirtti.<\/p>\n<p>\u015eaban \u0130srail ile Suriye&#8217;de muhtelif isimler alt\u0131nda faaliyet g\u00f6steren ter\u00f6r \u00f6rg\u00fctleri aras\u0131ndaki ba\u011flant\u0131lara dikkat \u00e7ekerken, \u2018muhalif \u015fahsiyetler\u2019 ad\u0131 verilen vatan hainlerinin aleni bir \u015fekilde \u0130srail ile temaslarda bulunduklar\u0131na i\u015faret etti.<\/p>\n<p>Suriye&#8217;nin \u0130srail \u00e7eteleri ter\u00f6r \u00f6rg\u00fctlere kar\u015f\u0131 m\u00fccadelesini azimle s\u00fcrd\u00fcrme kararl\u0131l\u0131\u011f\u0131n\u0131n bir kez daha alt\u0131n\u0131 \u00e7izen \u015eaban; ayn\u0131 zamanda Filistin halk\u0131 ve me\u015fru haklar\u0131na deste\u011finden hi\u00e7bir bask\u0131 alt\u0131nda caymayaca\u011f\u0131na da bir kez daha vurgu yapt\u0131.<\/p>\n","protected":false},"excerpt":{"rendered":"<p>\u015eAM \u2013 Uluslararas\u0131 Kud\u00fcs Kurumu Suriye Kolu Kud\u00fcs K\u00fclt\u00fcr G\u00fcn\u00fc m\u00fcnasebetiyle \u015eam\u2019daki Esad K\u00fct\u00fcphanesi konferans salonunda \u2018Bir Topra\u011f\u0131n Hikayesi\u2019 slogan\u0131 alt\u0131nda faaliyet d\u00fczenledi. Cumhurba\u015fkanl\u0131\u011f\u0131 Siyasi ve Bas\u0131n Dan\u0131\u015fman\u0131 B\u00fcseyna \u015eaban faaliyetin a\u00e7\u0131l\u0131\u015f\u0131nda yapt\u0131\u011f\u0131 konu\u015fmada; b\u00f6lge ve halklar\u0131n\u0131n maruz kald\u0131klar\u0131 t\u00fcm bu ter\u00f6r ve komplolar\u0131n temel cevherinin Filistin oldu\u011funun alt\u0131n\u0131 \u00e7izdi. \u015eaban Filistin&#8217;in yan\u0131nda duranlar ve &hellip;<\/p>\n","protected":false},"author":1,"featured_media":112165,"comment_status":"closed","ping_status":"closed","sticky":false,"template":"","format":"standard","meta":{"footnotes":""},"categories":[479,17988,478],"tags":[29201,19130,6737,5614,10261,29202,3196,16591,29203],"class_list":["post-112161","post","type-post","status-publish","format-standard","has-post-thumbnail","","category-haberler-yerel","category-son-haberler","category-yerel","tag-bolgede-yasananlarin-temel-cevheri-filistindir","tag-buseyna-saban","tag-filistin","tag-israil","tag-kudus","tag-kudus-kultur-gunu","tag-siyonizm","tag-suriye","tag-uluslararasi-kudus-kurumu"],"_links":{"self":[{"href":"https:\/\/archive.sana.sy\/tr\/index.php?rest_route=\/wp\/v2\/posts\/112161","targetHints":{"allow":["GET"]}}],"collection":[{"href":"https:\/\/archive.sana.sy\/tr\/index.php?rest_route=\/wp\/v2\/posts"}],"about":[{"href":"https:\/\/archive.sana.sy\/tr\/index.php?rest_route=\/wp\/v2\/types\/post"}],"author":[{"embeddable":true,"href":"https:\/\/archive.sana.sy\/tr\/index.php?rest_route=\/wp\/v2\/users\/1"}],"replies":[{"embeddable":true,"href":"https:\/\/archive.sana.sy\/tr\/index.php?rest_route=%2Fwp%2Fv2%2Fcomments&post=112161"}],"version-history":[{"count":0,"href":"https:\/\/archive.sana.sy\/tr\/index.php?rest_route=\/wp\/v2\/posts\/112161\/revisions"}],"wp:featuredmedia":[{"embeddable":true,"href":"https:\/\/archive.sana.sy\/tr\/index.php?rest_route=\/wp\/v2\/media\/112165"}],"wp:attachment":[{"href":"https:\/\/archive.sana.sy\/tr\/index.php?rest_route=%2Fwp%2Fv2%2Fmedia&parent=112161"}],"wp:term":[{"taxonomy":"category","embeddable":true,"href":"https:\/\/archive.sana.sy\/tr\/index.php?rest_route=%2Fwp%2Fv2%2Fcategories&post=112161"},{"taxonomy":"post_tag","embeddable":true,"href":"https:\/\/archive.sana.sy\/tr\/index.php?rest_route=%2Fwp%2Fv2%2Ftags&post=112161"}],"curies":[{"name":"wp","href":"https:\/\/api.w.org\/{rel}","templated":true}]}}