{"id":112168,"date":"2017-04-26T15:22:16","date_gmt":"2017-04-26T12:22:16","guid":{"rendered":"http:\/\/www.sana.sy\/tr\/?p=112168"},"modified":"2017-04-27T12:55:37","modified_gmt":"2017-04-27T09:55:37","slug":"terore-karsi-operasyonlar-yogunlastirildi","status":"publish","type":"post","link":"https:\/\/archive.sana.sy\/tr\/?p=112168","title":{"rendered":"Ter\u00f6re Kar\u015f\u0131 Operasyonlar Yo\u011funla\u015ft\u0131r\u0131ld\u0131"},"content":{"rendered":"<p>DEYREZZOR \u2013 I\u015e\u0130D, Nusra Cephesi ve m\u00fcttefikleri di\u011fer ter\u00f6r \u00f6rg\u00fctlere kar\u015f\u0131 operasyonlar\u0131n\u0131 yo\u011funla\u015ft\u0131ran ordu birliklerimiz bug\u00fcn, d\u0131\u015f g\u00fc\u00e7lerin Suriye ve halk\u0131na y\u00f6nelik sava\u015flar\u0131nda edat olarak kulland\u0131klar\u0131 bu \u00e7eteleri yine ciddi kay\u0131plara u\u011fratt\u0131.<\/p>\n<p>Askeri kaynak Deyrezzor\u2019da I\u015e\u0130D\u2019e kar\u015f\u0131 yo\u011funla\u015ft\u0131r\u0131lan nitelikli operasyonlar kapsam\u0131nda ordu birliklerimizin Makabir B\u00f6lgesinde tekfirci \u00e7etelerle \u015fiddetli \u00e7at\u0131\u015fmalara girdiklerini belirtti. \u00c7at\u0131\u015fmalarda 5 ter\u00f6ristin \u00f6l\u00fc, bir\u00e7ok ter\u00f6ristin yaral\u0131 d\u00fc\u015f\u00fcr\u00fcld\u00fc\u011f\u00fcn\u00fc ifade eden kaynak, siper ve a\u011f\u0131r silahlar\u0131n\u0131n imha edildi\u011fini s\u00f6zlerine ekledi.<\/p>\n<p>Kaynak top\u00e7u birliklerimizin ise Makabir, Serda, askeri havaliman\u0131n\u0131n civar\u0131 ve 137. T\u00fcmen yak\u0131nlar\u0131nda I\u015e\u0130D\u2019in mevki ve hareketlenmelerini yo\u011fun ate\u015fe tutarak tekfirci say\u0131l ve ekipmanlar\u0131yla ciddi kay\u0131plara u\u011fratt\u0131klar\u0131na vurgu yapt\u0131.<\/p>\n<p>Di\u011fer yandan askeri kaynak Deyrezzor Kentinin bir dizi b\u00f6lgesinde I\u015e\u0130D \u00e7eteleri aras\u0131nda \u015fiddetli \u00e7at\u0131\u015fmalar\u0131n ya\u015fand\u0131\u011f\u0131n\u0131, kendi aralar\u0131nda ya\u015fanan \u00e7at\u0131\u015fmalarda bir\u00e7ok ter\u00f6ristin \u00f6l\u00fc yaral\u0131 d\u00fc\u015ft\u00fc\u011f\u00fcne dikkat \u00e7ekti.<\/p>\n<p>Deyrezzor\u2019un kuzeyi Maamil (Fabrikalar) B\u00f6lgesinde I\u015e\u0130D\u2019li bir ter\u00f6r grubu ile b\u00f6lge halk\u0131 aras\u0131nda ya\u015fanan \u00e7at\u0131\u015fmalarda tekfirci ter\u00f6r grubu \u00fcyelerinin \u00f6ld\u00fcr\u00fcld\u00fc\u011f\u00fcn\u00fc belirten askeri kaynak; bunun ard\u0131ndan I\u015e\u0130D\u2019in Ha\u015f\u015fam Beldesinde bir\u00e7ok vatanda\u015f\u0131 ka\u00e7\u0131rd\u0131\u011f\u0131n\u0131 aktard\u0131.<\/p>\n<p>Son birka\u00e7 g\u00fcn i\u00e7inde Deyrezzor Kenti ve k\u0131rsal\u0131nda I\u015e\u0130D ter\u00f6r \u00f6rg\u00fct\u00fcn\u00fcn bulundu\u011fu bir\u00e7ok b\u00f6lgede tekfirci ter\u00f6r \u00e7eteleri ile bu b\u00f6lge ahalileri aras\u0131nda bir dizi \u00e7at\u0131\u015fmalar meydana geldi.<\/p>\n","protected":false},"excerpt":{"rendered":"<p>DEYREZZOR \u2013 I\u015e\u0130D, Nusra Cephesi ve m\u00fcttefikleri di\u011fer ter\u00f6r \u00f6rg\u00fctlere kar\u015f\u0131 operasyonlar\u0131n\u0131 yo\u011funla\u015ft\u0131ran ordu birliklerimiz bug\u00fcn, d\u0131\u015f g\u00fc\u00e7lerin Suriye ve halk\u0131na y\u00f6nelik sava\u015flar\u0131nda edat olarak kulland\u0131klar\u0131 bu \u00e7eteleri yine ciddi kay\u0131plara u\u011fratt\u0131. Askeri kaynak Deyrezzor\u2019da I\u015e\u0130D\u2019e kar\u015f\u0131 yo\u011funla\u015ft\u0131r\u0131lan nitelikli operasyonlar kapsam\u0131nda ordu birliklerimizin Makabir B\u00f6lgesinde tekfirci \u00e7etelerle \u015fiddetli \u00e7at\u0131\u015fmalara girdiklerini belirtti. \u00c7at\u0131\u015fmalarda 5 ter\u00f6ristin \u00f6l\u00fc, &hellip;<\/p>\n","protected":false},"author":1,"featured_media":112169,"comment_status":"closed","ping_status":"closed","sticky":false,"template":"","format":"standard","meta":{"footnotes":""},"categories":[479,575,17988,478],"tags":[3464,18365,21046,18237,18576,18577,2318,18347,20427,29204,18674,24865,23837,11549,19043,19325,19034,28327,4076],"class_list":["post-112168","post","type-post","status-publish","format-standard","has-post-thumbnail","","category-haberler-yerel","category-olaylar-ve-gercekler","category-son-haberler","category-yerel","tag-nusra-cephesi","tag-ahrar-el-sam","tag-ceysul-islam","tag-cihatcilar","tag-daes","tag-deas","tag-isid","tag-oso","tag-ozgur-ordu","tag-seyhul-sam","tag-silahli-muhalifler","tag-suriyde-savas","tag-suriye-gercekleri","tag-suriye-ordusu","tag-suriyede-son-durum","tag-suriyeli-devrimciler","tag-suriyeli-muhalifler","tag-tahrir-el-sam","tag-terorle-mucadele"],"_links":{"self":[{"href":"https:\/\/archive.sana.sy\/tr\/index.php?rest_route=\/wp\/v2\/posts\/112168","targetHints":{"allow":["GET"]}}],"collection":[{"href":"https:\/\/archive.sana.sy\/tr\/index.php?rest_route=\/wp\/v2\/posts"}],"about":[{"href":"https:\/\/archive.sana.sy\/tr\/index.php?rest_route=\/wp\/v2\/types\/post"}],"author":[{"embeddable":true,"href":"https:\/\/archive.sana.sy\/tr\/index.php?rest_route=\/wp\/v2\/users\/1"}],"replies":[{"embeddable":true,"href":"https:\/\/archive.sana.sy\/tr\/index.php?rest_route=%2Fwp%2Fv2%2Fcomments&post=112168"}],"version-history":[{"count":0,"href":"https:\/\/archive.sana.sy\/tr\/index.php?rest_route=\/wp\/v2\/posts\/112168\/revisions"}],"wp:featuredmedia":[{"embeddable":true,"href":"https:\/\/archive.sana.sy\/tr\/index.php?rest_route=\/wp\/v2\/media\/112169"}],"wp:attachment":[{"href":"https:\/\/archive.sana.sy\/tr\/index.php?rest_route=%2Fwp%2Fv2%2Fmedia&parent=112168"}],"wp:term":[{"taxonomy":"category","embeddable":true,"href":"https:\/\/archive.sana.sy\/tr\/index.php?rest_route=%2Fwp%2Fv2%2Fcategories&post=112168"},{"taxonomy":"post_tag","embeddable":true,"href":"https:\/\/archive.sana.sy\/tr\/index.php?rest_route=%2Fwp%2Fv2%2Ftags&post=112168"}],"curies":[{"name":"wp","href":"https:\/\/api.w.org\/{rel}","templated":true}]}}