{"id":112176,"date":"2017-04-26T12:18:42","date_gmt":"2017-04-26T09:18:42","guid":{"rendered":"http:\/\/www.sana.sy\/tr\/?p=112176"},"modified":"2017-04-26T15:25:15","modified_gmt":"2017-04-26T12:25:15","slug":"askeri-kaynak-deyrezzor-kentinin-bir-dizi-bolgesinde-isid-ceteleri-arasinda-siddetli-catismalarin-yasandigini-kendi-aralarinda-yasanan-catismalarda-bircok-teroristin-olu-yarali-dustugune-dikkat-cekti","status":"publish","type":"post","link":"https:\/\/archive.sana.sy\/tr\/?p=112176","title":{"rendered":"Askeri kaynak Deyrezzor Kentinin bir dizi b\u00f6lgesinde I\u015e\u0130D \u00e7eteleri aras\u0131nda \u015fiddetli \u00e7at\u0131\u015fmalar\u0131n ya\u015fand\u0131\u011f\u0131n\u0131, kendi aralar\u0131nda ya\u015fanan \u00e7at\u0131\u015fmalarda bir\u00e7ok ter\u00f6ristin \u00f6l\u00fc yaral\u0131 d\u00fc\u015ft\u00fc\u011f\u00fcne dikkat \u00e7ekti."},"content":{"rendered":"<p>Askeri kaynak Deyrezzor Kentinin bir dizi b\u00f6lgesinde I\u015e\u0130D \u00e7eteleri aras\u0131nda \u015fiddetli \u00e7at\u0131\u015fmalar\u0131n ya\u015fand\u0131\u011f\u0131n\u0131, kendi aralar\u0131nda ya\u015fanan \u00e7at\u0131\u015fmalarda bir\u00e7ok ter\u00f6ristin \u00f6l\u00fc yaral\u0131 d\u00fc\u015ft\u00fc\u011f\u00fcne dikkat \u00e7ekti.<\/p>\n","protected":false},"excerpt":{"rendered":"<p>Askeri kaynak Deyrezzor Kentinin bir dizi b\u00f6lgesinde I\u015e\u0130D \u00e7eteleri aras\u0131nda \u015fiddetli \u00e7at\u0131\u015fmalar\u0131n ya\u015fand\u0131\u011f\u0131n\u0131, kendi aralar\u0131nda ya\u015fanan \u00e7at\u0131\u015fmalarda bir\u00e7ok ter\u00f6ristin \u00f6l\u00fc yaral\u0131 d\u00fc\u015ft\u00fc\u011f\u00fcne dikkat \u00e7ekti.<\/p>\n","protected":false},"author":1,"featured_media":0,"comment_status":"closed","ping_status":"closed","sticky":false,"template":"","format":"standard","meta":{"footnotes":""},"categories":[17991],"tags":[],"class_list":["post-112176","post","type-post","status-publish","format-standard","","category-son-dakika"],"_links":{"self":[{"href":"https:\/\/archive.sana.sy\/tr\/index.php?rest_route=\/wp\/v2\/posts\/112176","targetHints":{"allow":["GET"]}}],"collection":[{"href":"https:\/\/archive.sana.sy\/tr\/index.php?rest_route=\/wp\/v2\/posts"}],"about":[{"href":"https:\/\/archive.sana.sy\/tr\/index.php?rest_route=\/wp\/v2\/types\/post"}],"author":[{"embeddable":true,"href":"https:\/\/archive.sana.sy\/tr\/index.php?rest_route=\/wp\/v2\/users\/1"}],"replies":[{"embeddable":true,"href":"https:\/\/archive.sana.sy\/tr\/index.php?rest_route=%2Fwp%2Fv2%2Fcomments&post=112176"}],"version-history":[{"count":0,"href":"https:\/\/archive.sana.sy\/tr\/index.php?rest_route=\/wp\/v2\/posts\/112176\/revisions"}],"wp:attachment":[{"href":"https:\/\/archive.sana.sy\/tr\/index.php?rest_route=%2Fwp%2Fv2%2Fmedia&parent=112176"}],"wp:term":[{"taxonomy":"category","embeddable":true,"href":"https:\/\/archive.sana.sy\/tr\/index.php?rest_route=%2Fwp%2Fv2%2Fcategories&post=112176"},{"taxonomy":"post_tag","embeddable":true,"href":"https:\/\/archive.sana.sy\/tr\/index.php?rest_route=%2Fwp%2Fv2%2Ftags&post=112176"}],"curies":[{"name":"wp","href":"https:\/\/api.w.org\/{rel}","templated":true}]}}