{"id":112178,"date":"2017-04-26T12:50:02","date_gmt":"2017-04-26T09:50:02","guid":{"rendered":"http:\/\/www.sana.sy\/tr\/?p=112178"},"modified":"2017-04-26T15:29:46","modified_gmt":"2017-04-26T12:29:46","slug":"kaynak-baskentin-sivil-yerlesim-alanlarindan-ebu-rummane-semtine-dusen-teror-fuzesi-sonucunda-2-kadinin-sehit-dustugunu-1-vatandasin-da-yaralandigini-aktardi","status":"publish","type":"post","link":"https:\/\/archive.sana.sy\/tr\/?p=112178","title":{"rendered":"Kaynak ba\u015fkentin sivil yerle\u015fim alanlar\u0131ndan Ebu Rummane Semtine d\u00fc\u015fen ter\u00f6r f\u00fczesi sonucunda 2 kad\u0131n\u0131n \u015fehit d\u00fc\u015ft\u00fc\u011f\u00fcn\u00fc, 1 vatanda\u015f\u0131n da yaraland\u0131\u011f\u0131n\u0131 aktard\u0131."},"content":{"rendered":"<p>Kaynak ba\u015fkentin sivil yerle\u015fim alanlar\u0131ndan Ebu Rummane Semtine d\u00fc\u015fen ter\u00f6r f\u00fczesi sonucunda 2 kad\u0131n\u0131n \u015fehit d\u00fc\u015ft\u00fc\u011f\u00fcn\u00fc, 1 vatanda\u015f\u0131n da yaraland\u0131\u011f\u0131n\u0131 aktard\u0131.<\/p>\n","protected":false},"excerpt":{"rendered":"<p>Kaynak ba\u015fkentin sivil yerle\u015fim alanlar\u0131ndan Ebu Rummane Semtine d\u00fc\u015fen ter\u00f6r f\u00fczesi sonucunda 2 kad\u0131n\u0131n \u015fehit d\u00fc\u015ft\u00fc\u011f\u00fcn\u00fc, 1 vatanda\u015f\u0131n da yaraland\u0131\u011f\u0131n\u0131 aktard\u0131.<\/p>\n","protected":false},"author":1,"featured_media":0,"comment_status":"closed","ping_status":"closed","sticky":false,"template":"","format":"standard","meta":{"footnotes":""},"categories":[17991],"tags":[],"class_list":["post-112178","post","type-post","status-publish","format-standard","","category-son-dakika"],"_links":{"self":[{"href":"https:\/\/archive.sana.sy\/tr\/index.php?rest_route=\/wp\/v2\/posts\/112178","targetHints":{"allow":["GET"]}}],"collection":[{"href":"https:\/\/archive.sana.sy\/tr\/index.php?rest_route=\/wp\/v2\/posts"}],"about":[{"href":"https:\/\/archive.sana.sy\/tr\/index.php?rest_route=\/wp\/v2\/types\/post"}],"author":[{"embeddable":true,"href":"https:\/\/archive.sana.sy\/tr\/index.php?rest_route=\/wp\/v2\/users\/1"}],"replies":[{"embeddable":true,"href":"https:\/\/archive.sana.sy\/tr\/index.php?rest_route=%2Fwp%2Fv2%2Fcomments&post=112178"}],"version-history":[{"count":0,"href":"https:\/\/archive.sana.sy\/tr\/index.php?rest_route=\/wp\/v2\/posts\/112178\/revisions"}],"wp:attachment":[{"href":"https:\/\/archive.sana.sy\/tr\/index.php?rest_route=%2Fwp%2Fv2%2Fmedia&parent=112178"}],"wp:term":[{"taxonomy":"category","embeddable":true,"href":"https:\/\/archive.sana.sy\/tr\/index.php?rest_route=%2Fwp%2Fv2%2Fcategories&post=112178"},{"taxonomy":"post_tag","embeddable":true,"href":"https:\/\/archive.sana.sy\/tr\/index.php?rest_route=%2Fwp%2Fv2%2Ftags&post=112178"}],"curies":[{"name":"wp","href":"https:\/\/api.w.org\/{rel}","templated":true}]}}