{"id":112184,"date":"2017-04-26T16:30:48","date_gmt":"2017-04-26T13:30:48","guid":{"rendered":"http:\/\/www.sana.sy\/tr\/?p=112184"},"modified":"2017-04-27T12:54:21","modified_gmt":"2017-04-27T09:54:21","slug":"suriye-turkiye-rejiminin-saldirisina-karsi-uyardi","status":"publish","type":"post","link":"https:\/\/archive.sana.sy\/tr\/?p=112184","title":{"rendered":"Suriye, T\u00fcrkiye Rejiminin Sald\u0131r\u0131s\u0131na Kar\u015f\u0131 Uyard\u0131"},"content":{"rendered":"<p>\u015eAM \u2013 D\u0131\u015fi\u015fleri ve Gurbet\u00e7iler Bakanl\u0131\u011f\u0131nda yetkili bir kaynak Suriye&#8217;nin, Erdo\u011fan rejimi g\u00fc\u00e7lerinin d\u00fcn Suriye topraklar\u0131na bulunduklar\u0131 sald\u0131r\u0131y\u0131 keskin bir dille k\u0131nad\u0131\u011f\u0131n\u0131 belirtti.<\/p>\n<p>SANA\u2019ya a\u00e7\u0131klama yapan yetkili kaynak; T\u00fcrk sava\u015f u\u00e7aklar\u0131n\u0131n 25 Nisan 2017 tarihinde Suriye&#8217;nin kuzeydo\u011fusunda bir k\u0131s\u0131m mevkilere sald\u0131rd\u0131klar\u0131n\u0131 belirtirken, bu sald\u0131r\u0131larda Suriye&#8217;nin masum sivil vatanda\u015flar\u0131ndan onlarcas\u0131n\u0131n kurban gitti\u011fini vurgulad\u0131.<\/p>\n<p>Suriye&#8217;nin s\u00f6z konusu bu sald\u0131r\u0131n\u0131n uluslar aras\u0131 kanun ve kararlar, BM misak\u0131 ve g\u00fczel kom\u015fuluk ili\u015fkilerine tamamen ayk\u0131r\u0131 oldu\u011funu vurgulad\u0131\u011f\u0131na dikkat \u00e7eken yetkili kaynak; Suriye&#8217;nin ayn\u0131 zamanda egemenli\u011fini, toprak b\u00fct\u00fcnl\u00fc\u011f\u00fcn\u00fc ve halk\u0131n\u0131 hedef alan bu gibi sald\u0131r\u0131lara kar\u015f\u0131 uyar\u0131da bulundu\u011funun alt\u0131n\u0131 \u00e7izdi.<\/p>\n<p>Yetkili kaynak Suriye&#8217;nin t\u00fcm uluslar aras\u0131 toplum ve BM kurumlar\u0131ndan bu sald\u0131r\u0131 ve ter\u00f6r\u00fc destekleyen T\u00fcrkiye rejiminin politikalar\u0131n\u0131 k\u0131namalar\u0131na davet etti\u011fini belirtti.<\/p>\n","protected":false},"excerpt":{"rendered":"<p>\u015eAM \u2013 D\u0131\u015fi\u015fleri ve Gurbet\u00e7iler Bakanl\u0131\u011f\u0131nda yetkili bir kaynak Suriye&#8217;nin, Erdo\u011fan rejimi g\u00fc\u00e7lerinin d\u00fcn Suriye topraklar\u0131na bulunduklar\u0131 sald\u0131r\u0131y\u0131 keskin bir dille k\u0131nad\u0131\u011f\u0131n\u0131 belirtti. SANA\u2019ya a\u00e7\u0131klama yapan yetkili kaynak; T\u00fcrk sava\u015f u\u00e7aklar\u0131n\u0131n 25 Nisan 2017 tarihinde Suriye&#8217;nin kuzeydo\u011fusunda bir k\u0131s\u0131m mevkilere sald\u0131rd\u0131klar\u0131n\u0131 belirtirken, bu sald\u0131r\u0131larda Suriye&#8217;nin masum sivil vatanda\u015flar\u0131ndan onlarcas\u0131n\u0131n kurban gitti\u011fini vurgulad\u0131. Suriye&#8217;nin s\u00f6z konusu &hellip;<\/p>\n","protected":false},"author":1,"featured_media":112185,"comment_status":"closed","ping_status":"closed","sticky":false,"template":"","format":"standard","meta":{"footnotes":""},"categories":[479,17988,2554,2555,478],"tags":[2420,2621,9401,16591,19844,27258,19897,19314,26164,3039,19213,19479],"class_list":["post-112184","post","type-post","status-publish","format-standard","has-post-thumbnail","","category-haberler-yerel","category-son-haberler","category-suriye-ve-dunya","category-suriye-ve-turkiye","category-yerel","tag-disisleri-bakanligi","tag-disisleri-ve-gurbetciler-bakanligi","tag-erdogan","tag-suriye","tag-suriye-arap-cumhuriyeti","tag-suriye-gecrekleri","tag-suriyeli-kurtler","tag-suriyeye-saldiri","tag-turk-savas-ucaklari","tag-turkiye","tag-turkiye-suriyeye-saldirdi","tag-yetkili-kaynak"],"_links":{"self":[{"href":"https:\/\/archive.sana.sy\/tr\/index.php?rest_route=\/wp\/v2\/posts\/112184","targetHints":{"allow":["GET"]}}],"collection":[{"href":"https:\/\/archive.sana.sy\/tr\/index.php?rest_route=\/wp\/v2\/posts"}],"about":[{"href":"https:\/\/archive.sana.sy\/tr\/index.php?rest_route=\/wp\/v2\/types\/post"}],"author":[{"embeddable":true,"href":"https:\/\/archive.sana.sy\/tr\/index.php?rest_route=\/wp\/v2\/users\/1"}],"replies":[{"embeddable":true,"href":"https:\/\/archive.sana.sy\/tr\/index.php?rest_route=%2Fwp%2Fv2%2Fcomments&post=112184"}],"version-history":[{"count":0,"href":"https:\/\/archive.sana.sy\/tr\/index.php?rest_route=\/wp\/v2\/posts\/112184\/revisions"}],"wp:featuredmedia":[{"embeddable":true,"href":"https:\/\/archive.sana.sy\/tr\/index.php?rest_route=\/wp\/v2\/media\/112185"}],"wp:attachment":[{"href":"https:\/\/archive.sana.sy\/tr\/index.php?rest_route=%2Fwp%2Fv2%2Fmedia&parent=112184"}],"wp:term":[{"taxonomy":"category","embeddable":true,"href":"https:\/\/archive.sana.sy\/tr\/index.php?rest_route=%2Fwp%2Fv2%2Fcategories&post=112184"},{"taxonomy":"post_tag","embeddable":true,"href":"https:\/\/archive.sana.sy\/tr\/index.php?rest_route=%2Fwp%2Fv2%2Ftags&post=112184"}],"curies":[{"name":"wp","href":"https:\/\/api.w.org\/{rel}","templated":true}]}}