{"id":112187,"date":"2017-04-26T15:33:09","date_gmt":"2017-04-26T12:33:09","guid":{"rendered":"http:\/\/www.sana.sy\/tr\/?p=112187"},"modified":"2017-04-26T16:12:54","modified_gmt":"2017-04-26T13:12:54","slug":"disisleri-ve-gurbetciler-bakanliginda-yetkili-bir-kaynak-suriyenin-erdogan-rejimi-guclerinin-dun-suriye-topraklarina-bulunduklari-saldiriyi-keskin-bir-dille-kinadigini-belirtti","status":"publish","type":"post","link":"https:\/\/archive.sana.sy\/tr\/?p=112187","title":{"rendered":"D\u0131\u015fi\u015fleri ve Gurbet\u00e7iler Bakanl\u0131\u011f\u0131nda yetkili bir kaynak Suriye&#8217;nin, Erdo\u011fan rejimi g\u00fc\u00e7lerinin d\u00fcn Suriye topraklar\u0131na bulunduklar\u0131 sald\u0131r\u0131y\u0131 keskin bir dille k\u0131nad\u0131\u011f\u0131n\u0131 belirtti"},"content":{"rendered":"<p>D\u0131\u015fi\u015fleri ve Gurbet\u00e7iler Bakanl\u0131\u011f\u0131nda yetkili bir kaynak Suriye&#8217;nin, Erdo\u011fan rejimi g\u00fc\u00e7lerinin d\u00fcn Suriye topraklar\u0131na bulunduklar\u0131 sald\u0131r\u0131y\u0131 keskin bir dille k\u0131nad\u0131\u011f\u0131n\u0131 belirtti<\/p>\n","protected":false},"excerpt":{"rendered":"<p>D\u0131\u015fi\u015fleri ve Gurbet\u00e7iler Bakanl\u0131\u011f\u0131nda yetkili bir kaynak Suriye&#8217;nin, Erdo\u011fan rejimi g\u00fc\u00e7lerinin d\u00fcn Suriye topraklar\u0131na bulunduklar\u0131 sald\u0131r\u0131y\u0131 keskin bir dille k\u0131nad\u0131\u011f\u0131n\u0131 belirtti<\/p>\n","protected":false},"author":1,"featured_media":0,"comment_status":"closed","ping_status":"closed","sticky":false,"template":"","format":"standard","meta":{"footnotes":""},"categories":[17991],"tags":[],"class_list":["post-112187","post","type-post","status-publish","format-standard","","category-son-dakika"],"_links":{"self":[{"href":"https:\/\/archive.sana.sy\/tr\/index.php?rest_route=\/wp\/v2\/posts\/112187","targetHints":{"allow":["GET"]}}],"collection":[{"href":"https:\/\/archive.sana.sy\/tr\/index.php?rest_route=\/wp\/v2\/posts"}],"about":[{"href":"https:\/\/archive.sana.sy\/tr\/index.php?rest_route=\/wp\/v2\/types\/post"}],"author":[{"embeddable":true,"href":"https:\/\/archive.sana.sy\/tr\/index.php?rest_route=\/wp\/v2\/users\/1"}],"replies":[{"embeddable":true,"href":"https:\/\/archive.sana.sy\/tr\/index.php?rest_route=%2Fwp%2Fv2%2Fcomments&post=112187"}],"version-history":[{"count":0,"href":"https:\/\/archive.sana.sy\/tr\/index.php?rest_route=\/wp\/v2\/posts\/112187\/revisions"}],"wp:attachment":[{"href":"https:\/\/archive.sana.sy\/tr\/index.php?rest_route=%2Fwp%2Fv2%2Fmedia&parent=112187"}],"wp:term":[{"taxonomy":"category","embeddable":true,"href":"https:\/\/archive.sana.sy\/tr\/index.php?rest_route=%2Fwp%2Fv2%2Fcategories&post=112187"},{"taxonomy":"post_tag","embeddable":true,"href":"https:\/\/archive.sana.sy\/tr\/index.php?rest_route=%2Fwp%2Fv2%2Ftags&post=112187"}],"curies":[{"name":"wp","href":"https:\/\/api.w.org\/{rel}","templated":true}]}}