{"id":112189,"date":"2017-04-26T15:43:21","date_gmt":"2017-04-26T12:43:21","guid":{"rendered":"http:\/\/www.sana.sy\/tr\/?p=112189"},"modified":"2017-04-26T16:13:46","modified_gmt":"2017-04-26T13:13:46","slug":"suriyenin-soz-konusu-bu-saldirinin-uluslar-arasi-kanun-ve-kararlar-bm-misaki-ve-guzel-komsuluk-iliskilerine-tamamen-aykiri-oldugunu-vurguladigina-dikkat-ceken-yetkili-kaynak-suriyenin-ayni-zaman","status":"publish","type":"post","link":"https:\/\/archive.sana.sy\/tr\/?p=112189","title":{"rendered":"Suriye&#8217;nin s\u00f6z konusu bu sald\u0131r\u0131n\u0131n uluslar aras\u0131 kanun ve kararlar, BM misak\u0131 ve g\u00fczel kom\u015fuluk ili\u015fkilerine tamamen ayk\u0131r\u0131 oldu\u011funu vurgulad\u0131\u011f\u0131na dikkat \u00e7eken yetkili kaynak; Suriye&#8217;nin ayn\u0131 zamanda egemenli\u011fini, toprak b\u00fct\u00fcnl\u00fc\u011f\u00fcn\u00fc ve halk\u0131n\u0131 hedef alan bu gibi sald\u0131r\u0131lara kar\u015f\u0131 uyar\u0131da bulundu\u011funun alt\u0131n\u0131 \u00e7izdi."},"content":{"rendered":"<p>Suriye&#8217;nin s\u00f6z konusu bu sald\u0131r\u0131n\u0131n uluslar aras\u0131 kanun ve kararlar, BM misak\u0131 ve g\u00fczel kom\u015fuluk ili\u015fkilerine tamamen ayk\u0131r\u0131 oldu\u011funu vurgulad\u0131\u011f\u0131na dikkat \u00e7eken yetkili kaynak; Suriye&#8217;nin ayn\u0131 zamanda egemenli\u011fini, toprak b\u00fct\u00fcnl\u00fc\u011f\u00fcn\u00fc ve halk\u0131n\u0131 hedef alan bu gibi sald\u0131r\u0131lara kar\u015f\u0131 uyar\u0131da bulundu\u011funun alt\u0131n\u0131 \u00e7izdi.<\/p>\n","protected":false},"excerpt":{"rendered":"<p>Suriye&#8217;nin s\u00f6z konusu bu sald\u0131r\u0131n\u0131n uluslar aras\u0131 kanun ve kararlar, BM misak\u0131 ve g\u00fczel kom\u015fuluk ili\u015fkilerine tamamen ayk\u0131r\u0131 oldu\u011funu vurgulad\u0131\u011f\u0131na dikkat \u00e7eken yetkili kaynak; Suriye&#8217;nin ayn\u0131 zamanda egemenli\u011fini, toprak b\u00fct\u00fcnl\u00fc\u011f\u00fcn\u00fc ve halk\u0131n\u0131 hedef alan bu gibi sald\u0131r\u0131lara kar\u015f\u0131 uyar\u0131da bulundu\u011funun alt\u0131n\u0131 \u00e7izdi.<\/p>\n","protected":false},"author":1,"featured_media":0,"comment_status":"closed","ping_status":"closed","sticky":false,"template":"","format":"standard","meta":{"footnotes":""},"categories":[17991],"tags":[],"class_list":["post-112189","post","type-post","status-publish","format-standard","","category-son-dakika"],"_links":{"self":[{"href":"https:\/\/archive.sana.sy\/tr\/index.php?rest_route=\/wp\/v2\/posts\/112189","targetHints":{"allow":["GET"]}}],"collection":[{"href":"https:\/\/archive.sana.sy\/tr\/index.php?rest_route=\/wp\/v2\/posts"}],"about":[{"href":"https:\/\/archive.sana.sy\/tr\/index.php?rest_route=\/wp\/v2\/types\/post"}],"author":[{"embeddable":true,"href":"https:\/\/archive.sana.sy\/tr\/index.php?rest_route=\/wp\/v2\/users\/1"}],"replies":[{"embeddable":true,"href":"https:\/\/archive.sana.sy\/tr\/index.php?rest_route=%2Fwp%2Fv2%2Fcomments&post=112189"}],"version-history":[{"count":0,"href":"https:\/\/archive.sana.sy\/tr\/index.php?rest_route=\/wp\/v2\/posts\/112189\/revisions"}],"wp:attachment":[{"href":"https:\/\/archive.sana.sy\/tr\/index.php?rest_route=%2Fwp%2Fv2%2Fmedia&parent=112189"}],"wp:term":[{"taxonomy":"category","embeddable":true,"href":"https:\/\/archive.sana.sy\/tr\/index.php?rest_route=%2Fwp%2Fv2%2Fcategories&post=112189"},{"taxonomy":"post_tag","embeddable":true,"href":"https:\/\/archive.sana.sy\/tr\/index.php?rest_route=%2Fwp%2Fv2%2Ftags&post=112189"}],"curies":[{"name":"wp","href":"https:\/\/api.w.org\/{rel}","templated":true}]}}