{"id":112192,"date":"2017-04-26T15:48:27","date_gmt":"2017-04-26T12:48:27","guid":{"rendered":"http:\/\/www.sana.sy\/tr\/?p=112192"},"modified":"2017-04-26T16:14:06","modified_gmt":"2017-04-26T13:14:06","slug":"yetkili-kaynak-suriyenin-tum-uluslar-arasi-toplum-ve-bm-kurumlarindan-bu-saldiri-ve-teroru-destekleyen-turkiye-rejiminin-politikalarini-kinamalarina-davet-ettigini-belirtti","status":"publish","type":"post","link":"https:\/\/archive.sana.sy\/tr\/?p=112192","title":{"rendered":"Yetkili kaynak Suriye&#8217;nin t\u00fcm uluslar aras\u0131 toplum ve BM kurumlar\u0131ndan bu sald\u0131r\u0131 ve ter\u00f6r\u00fc destekleyen T\u00fcrkiye rejiminin politikalar\u0131n\u0131 k\u0131namalar\u0131na davet etti\u011fini belirtti."},"content":{"rendered":"<p>Yetkili kaynak Suriye&#8217;nin t\u00fcm uluslar aras\u0131 toplum ve BM kurumlar\u0131ndan bu sald\u0131r\u0131 ve ter\u00f6r\u00fc destekleyen T\u00fcrkiye rejiminin politikalar\u0131n\u0131 k\u0131namalar\u0131na davet etti\u011fini belirtti.<\/p>\n","protected":false},"excerpt":{"rendered":"<p>Yetkili kaynak Suriye&#8217;nin t\u00fcm uluslar aras\u0131 toplum ve BM kurumlar\u0131ndan bu sald\u0131r\u0131 ve ter\u00f6r\u00fc destekleyen T\u00fcrkiye rejiminin politikalar\u0131n\u0131 k\u0131namalar\u0131na davet etti\u011fini belirtti.<\/p>\n","protected":false},"author":1,"featured_media":0,"comment_status":"closed","ping_status":"closed","sticky":false,"template":"","format":"standard","meta":{"footnotes":""},"categories":[17991],"tags":[],"class_list":["post-112192","post","type-post","status-publish","format-standard","","category-son-dakika"],"_links":{"self":[{"href":"https:\/\/archive.sana.sy\/tr\/index.php?rest_route=\/wp\/v2\/posts\/112192","targetHints":{"allow":["GET"]}}],"collection":[{"href":"https:\/\/archive.sana.sy\/tr\/index.php?rest_route=\/wp\/v2\/posts"}],"about":[{"href":"https:\/\/archive.sana.sy\/tr\/index.php?rest_route=\/wp\/v2\/types\/post"}],"author":[{"embeddable":true,"href":"https:\/\/archive.sana.sy\/tr\/index.php?rest_route=\/wp\/v2\/users\/1"}],"replies":[{"embeddable":true,"href":"https:\/\/archive.sana.sy\/tr\/index.php?rest_route=%2Fwp%2Fv2%2Fcomments&post=112192"}],"version-history":[{"count":0,"href":"https:\/\/archive.sana.sy\/tr\/index.php?rest_route=\/wp\/v2\/posts\/112192\/revisions"}],"wp:attachment":[{"href":"https:\/\/archive.sana.sy\/tr\/index.php?rest_route=%2Fwp%2Fv2%2Fmedia&parent=112192"}],"wp:term":[{"taxonomy":"category","embeddable":true,"href":"https:\/\/archive.sana.sy\/tr\/index.php?rest_route=%2Fwp%2Fv2%2Fcategories&post=112192"},{"taxonomy":"post_tag","embeddable":true,"href":"https:\/\/archive.sana.sy\/tr\/index.php?rest_route=%2Fwp%2Fv2%2Ftags&post=112192"}],"curies":[{"name":"wp","href":"https:\/\/api.w.org\/{rel}","templated":true}]}}