{"id":112195,"date":"2017-04-26T14:16:47","date_gmt":"2017-04-26T11:16:47","guid":{"rendered":"http:\/\/www.sana.sy\/tr\/?p=112195"},"modified":"2017-04-27T12:55:03","modified_gmt":"2017-04-27T09:55:03","slug":"fua-ve-kefrayyali-sehitler-topraga-verildi","status":"publish","type":"post","link":"https:\/\/archive.sana.sy\/tr\/?p=112195","title":{"rendered":"Fua ve Kefrayyal\u0131 \u015eehitler Topra\u011fa Verildi"},"content":{"rendered":"<p>\u015eAM KIRSALI \u2013 15 Nisan tarihinde Halep\u2019in bat\u0131s\u0131 Ra\u015fidin B\u00f6lgesinde \u0130dlib k\u0131rsal\u0131 Fua ve Kefrayya beldelerinde ter\u00f6r ku\u015fatmas\u0131 ve g\u00fcn\u00fc birlik f\u00fcze sald\u0131r\u0131lar\u0131ndan kurtar\u0131lan sivil vatanda\u015flar\u0131 hedef alan bombal\u0131 ter\u00f6r sald\u0131r\u0131s\u0131nda \u015fehit d\u00fc\u015fen vatanda\u015flar bug\u00fcn \u015eam k\u0131rsal\u0131n\u0131n g\u00fcneyi Seyyide Zeyneb B\u00f6lgesinde g\u00f6rkemli bir t\u00f6renle son yolculuklar\u0131na u\u011furlanarak topra\u011fa verildiler.<\/p>\n<p>D\u00fcn Halep\u2019teki askeri hastaneden u\u011furlanan \u015fehitlerin naa\u015flar\u0131 Seyyide Zeynep Makam\u0131nda k\u0131l\u0131nan cenaze namaz\u0131 ard\u0131ndan belde mezarl\u0131\u011f\u0131nda topra\u011fa verildiler.<\/p>\n<p>Resmi ve sosyal faaliyet temsilcilerinin yan\u0131 s\u0131ra geni\u015f halk kitlelerinin kat\u0131ld\u0131klar\u0131 g\u00f6rkemli t\u00f6rende \u015fehitlerimiz ad\u0131na sloganlar at\u0131l\u0131rken, ter\u00f6r \u00f6rg\u00fctleri ve onlar\u0131 destekleyen d\u0131\u015f g\u00fc\u00e7leri k\u0131nayan sloganlar at\u0131ld\u0131.<\/p>\n","protected":false},"excerpt":{"rendered":"<p>\u015eAM KIRSALI \u2013 15 Nisan tarihinde Halep\u2019in bat\u0131s\u0131 Ra\u015fidin B\u00f6lgesinde \u0130dlib k\u0131rsal\u0131 Fua ve Kefrayya beldelerinde ter\u00f6r ku\u015fatmas\u0131 ve g\u00fcn\u00fc birlik f\u00fcze sald\u0131r\u0131lar\u0131ndan kurtar\u0131lan sivil vatanda\u015flar\u0131 hedef alan bombal\u0131 ter\u00f6r sald\u0131r\u0131s\u0131nda \u015fehit d\u00fc\u015fen vatanda\u015flar bug\u00fcn \u015eam k\u0131rsal\u0131n\u0131n g\u00fcneyi Seyyide Zeyneb B\u00f6lgesinde g\u00f6rkemli bir t\u00f6renle son yolculuklar\u0131na u\u011furlanarak topra\u011fa verildiler. D\u00fcn Halep\u2019teki askeri hastaneden u\u011furlanan \u015fehitlerin &hellip;<\/p>\n","protected":false},"author":1,"featured_media":112196,"comment_status":"closed","ping_status":"closed","sticky":false,"template":"","format":"standard","meta":{"footnotes":""},"categories":[479,575,17988,478],"tags":[29205,18237,18489,20978,18673,18490,18310,29206,24936,18174,16591,19285],"class_list":["post-112195","post","type-post","status-publish","format-standard","has-post-thumbnail","","category-haberler-yerel","category-olaylar-ve-gercekler","category-son-haberler","category-yerel","tag-cenaze-namazi","tag-cihatcilar","tag-fua","tag-fua-ve-kefrayya","tag-idlib-kirsali","tag-kefrayya","tag-sehitler","tag-sehitler-son-yolculuklarina-ugurlandi","tag-seyyide-zeyneb","tag-sivillere-saldiri","tag-suriye","tag-teror-magdurlari"],"_links":{"self":[{"href":"https:\/\/archive.sana.sy\/tr\/index.php?rest_route=\/wp\/v2\/posts\/112195","targetHints":{"allow":["GET"]}}],"collection":[{"href":"https:\/\/archive.sana.sy\/tr\/index.php?rest_route=\/wp\/v2\/posts"}],"about":[{"href":"https:\/\/archive.sana.sy\/tr\/index.php?rest_route=\/wp\/v2\/types\/post"}],"author":[{"embeddable":true,"href":"https:\/\/archive.sana.sy\/tr\/index.php?rest_route=\/wp\/v2\/users\/1"}],"replies":[{"embeddable":true,"href":"https:\/\/archive.sana.sy\/tr\/index.php?rest_route=%2Fwp%2Fv2%2Fcomments&post=112195"}],"version-history":[{"count":0,"href":"https:\/\/archive.sana.sy\/tr\/index.php?rest_route=\/wp\/v2\/posts\/112195\/revisions"}],"wp:featuredmedia":[{"embeddable":true,"href":"https:\/\/archive.sana.sy\/tr\/index.php?rest_route=\/wp\/v2\/media\/112196"}],"wp:attachment":[{"href":"https:\/\/archive.sana.sy\/tr\/index.php?rest_route=%2Fwp%2Fv2%2Fmedia&parent=112195"}],"wp:term":[{"taxonomy":"category","embeddable":true,"href":"https:\/\/archive.sana.sy\/tr\/index.php?rest_route=%2Fwp%2Fv2%2Fcategories&post=112195"},{"taxonomy":"post_tag","embeddable":true,"href":"https:\/\/archive.sana.sy\/tr\/index.php?rest_route=%2Fwp%2Fv2%2Ftags&post=112195"}],"curies":[{"name":"wp","href":"https:\/\/api.w.org\/{rel}","templated":true}]}}