{"id":112207,"date":"2017-04-27T11:34:16","date_gmt":"2017-04-27T08:34:16","guid":{"rendered":"http:\/\/www.sana.sy\/tr\/?p=112207"},"modified":"2017-04-27T11:59:30","modified_gmt":"2017-04-27T08:59:30","slug":"30kaynak-isgal-altindaki-topraklardan-bir-dizi-fuzeyle-gerceklestirilen-dusmanci-saldirida-maddi-hasarlarin-meydana-geldigini-vurguladi","status":"publish","type":"post","link":"https:\/\/archive.sana.sy\/tr\/?p=112207","title":{"rendered":"Kaynak i\u015fgal alt\u0131ndaki topraklardan bir dizi f\u00fczeyle ger\u00e7ekle\u015ftirilen d\u00fc\u015fmanc\u0131 sald\u0131r\u0131da mevkide patlamalar\u0131n meydana geldi\u011fi ve maddi hasarlar\u0131n olu\u015ftu\u011funu vurgulad\u0131."},"content":{"rendered":"<p>Kaynak i\u015fgal alt\u0131ndaki topraklardan bir dizi f\u00fczeyle ger\u00e7ekle\u015ftirilen d\u00fc\u015fmanc\u0131 sald\u0131r\u0131da mevkide patlamalar\u0131n meydana geldi\u011fi ve maddi hasarlar\u0131n olu\u015ftu\u011funu vurgulad\u0131.<\/p>\n","protected":false},"excerpt":{"rendered":"<p>Kaynak i\u015fgal alt\u0131ndaki topraklardan bir dizi f\u00fczeyle ger\u00e7ekle\u015ftirilen d\u00fc\u015fmanc\u0131 sald\u0131r\u0131da mevkide patlamalar\u0131n meydana geldi\u011fi ve maddi hasarlar\u0131n olu\u015ftu\u011funu vurgulad\u0131.<\/p>\n","protected":false},"author":1,"featured_media":0,"comment_status":"closed","ping_status":"closed","sticky":false,"template":"","format":"standard","meta":{"footnotes":""},"categories":[17991],"tags":[],"class_list":["post-112207","post","type-post","status-publish","format-standard","","category-son-dakika"],"_links":{"self":[{"href":"https:\/\/archive.sana.sy\/tr\/index.php?rest_route=\/wp\/v2\/posts\/112207","targetHints":{"allow":["GET"]}}],"collection":[{"href":"https:\/\/archive.sana.sy\/tr\/index.php?rest_route=\/wp\/v2\/posts"}],"about":[{"href":"https:\/\/archive.sana.sy\/tr\/index.php?rest_route=\/wp\/v2\/types\/post"}],"author":[{"embeddable":true,"href":"https:\/\/archive.sana.sy\/tr\/index.php?rest_route=\/wp\/v2\/users\/1"}],"replies":[{"embeddable":true,"href":"https:\/\/archive.sana.sy\/tr\/index.php?rest_route=%2Fwp%2Fv2%2Fcomments&post=112207"}],"version-history":[{"count":0,"href":"https:\/\/archive.sana.sy\/tr\/index.php?rest_route=\/wp\/v2\/posts\/112207\/revisions"}],"wp:attachment":[{"href":"https:\/\/archive.sana.sy\/tr\/index.php?rest_route=%2Fwp%2Fv2%2Fmedia&parent=112207"}],"wp:term":[{"taxonomy":"category","embeddable":true,"href":"https:\/\/archive.sana.sy\/tr\/index.php?rest_route=%2Fwp%2Fv2%2Fcategories&post=112207"},{"taxonomy":"post_tag","embeddable":true,"href":"https:\/\/archive.sana.sy\/tr\/index.php?rest_route=%2Fwp%2Fv2%2Ftags&post=112207"}],"curies":[{"name":"wp","href":"https:\/\/api.w.org\/{rel}","templated":true}]}}