{"id":112216,"date":"2017-04-27T11:38:53","date_gmt":"2017-04-27T08:38:53","guid":{"rendered":"http:\/\/www.sana.sy\/tr\/?p=112216"},"modified":"2017-04-27T12:00:08","modified_gmt":"2017-04-27T09:00:08","slug":"bu-saldirinin-suriye-ordusunun-basta-israil-olmak-uzere-kimi-devletlerin-edat-olarak-kullandiklari-terore-karsi-zaferleri-ve-bu-teror-orgutlerin-agir-yenilgileri-golgesinde-geldigine-dikkat-ceken-ask","status":"publish","type":"post","link":"https:\/\/archive.sana.sy\/tr\/?p=112216","title":{"rendered":"Bu sald\u0131r\u0131n\u0131n, Suriye ordusunun ba\u015fta \u0130srail olmak \u00fczere kimi devletlerin edat olarak kulland\u0131klar\u0131 ter\u00f6re kar\u015f\u0131 zaferleri ve bu ter\u00f6r \u00f6rg\u00fctlerin a\u011f\u0131r yenilgileri g\u00f6lgesinde geldi\u011fine dikkat \u00e7eken askeri kaynak; yok olmakta olan ter\u00f6ristlerin maneviyatlar\u0131n\u0131 y\u00fckseltme y\u00f6n\u00fcnde ba\u015far\u0131s\u0131z bir giri\u015fim oldu\u011funa i\u015faret etti."},"content":{"rendered":"<p>Bu sald\u0131r\u0131n\u0131n, Suriye ordusunun ba\u015fta \u0130srail olmak \u00fczere kimi devletlerin edat olarak kulland\u0131klar\u0131 ter\u00f6re kar\u015f\u0131 zaferleri ve bu ter\u00f6r \u00f6rg\u00fctlerin a\u011f\u0131r yenilgileri g\u00f6lgesinde geldi\u011fine dikkat \u00e7eken askeri kaynak; yok olmakta olan ter\u00f6ristlerin maneviyatlar\u0131n\u0131 y\u00fckseltme y\u00f6n\u00fcnde ba\u015far\u0131s\u0131z bir giri\u015fim oldu\u011funa i\u015faret etti.<\/p>\n","protected":false},"excerpt":{"rendered":"<p>Bu sald\u0131r\u0131n\u0131n, Suriye ordusunun ba\u015fta \u0130srail olmak \u00fczere kimi devletlerin edat olarak kulland\u0131klar\u0131 ter\u00f6re kar\u015f\u0131 zaferleri ve bu ter\u00f6r \u00f6rg\u00fctlerin a\u011f\u0131r yenilgileri g\u00f6lgesinde geldi\u011fine dikkat \u00e7eken askeri kaynak; yok olmakta olan ter\u00f6ristlerin maneviyatlar\u0131n\u0131 y\u00fckseltme y\u00f6n\u00fcnde ba\u015far\u0131s\u0131z bir giri\u015fim oldu\u011funa i\u015faret etti.<\/p>\n","protected":false},"author":1,"featured_media":0,"comment_status":"closed","ping_status":"closed","sticky":false,"template":"","format":"standard","meta":{"footnotes":""},"categories":[17991],"tags":[],"class_list":["post-112216","post","type-post","status-publish","format-standard","","category-son-dakika"],"_links":{"self":[{"href":"https:\/\/archive.sana.sy\/tr\/index.php?rest_route=\/wp\/v2\/posts\/112216","targetHints":{"allow":["GET"]}}],"collection":[{"href":"https:\/\/archive.sana.sy\/tr\/index.php?rest_route=\/wp\/v2\/posts"}],"about":[{"href":"https:\/\/archive.sana.sy\/tr\/index.php?rest_route=\/wp\/v2\/types\/post"}],"author":[{"embeddable":true,"href":"https:\/\/archive.sana.sy\/tr\/index.php?rest_route=\/wp\/v2\/users\/1"}],"replies":[{"embeddable":true,"href":"https:\/\/archive.sana.sy\/tr\/index.php?rest_route=%2Fwp%2Fv2%2Fcomments&post=112216"}],"version-history":[{"count":0,"href":"https:\/\/archive.sana.sy\/tr\/index.php?rest_route=\/wp\/v2\/posts\/112216\/revisions"}],"wp:attachment":[{"href":"https:\/\/archive.sana.sy\/tr\/index.php?rest_route=%2Fwp%2Fv2%2Fmedia&parent=112216"}],"wp:term":[{"taxonomy":"category","embeddable":true,"href":"https:\/\/archive.sana.sy\/tr\/index.php?rest_route=%2Fwp%2Fv2%2Fcategories&post=112216"},{"taxonomy":"post_tag","embeddable":true,"href":"https:\/\/archive.sana.sy\/tr\/index.php?rest_route=%2Fwp%2Fv2%2Ftags&post=112216"}],"curies":[{"name":"wp","href":"https:\/\/api.w.org\/{rel}","templated":true}]}}