{"id":112227,"date":"2017-04-27T12:00:01","date_gmt":"2017-04-27T09:00:01","guid":{"rendered":"http:\/\/www.sana.sy\/tr\/?p=112227"},"modified":"2017-04-28T17:57:35","modified_gmt":"2017-04-28T14:57:35","slug":"kontrolu-altindaki-alanlari-genisleten-ordu-birliklerimiz-teror-karargahlarini-da-imha-etti","status":"publish","type":"post","link":"https:\/\/archive.sana.sy\/tr\/?p=112227","title":{"rendered":"Kontrol\u00fc Alt\u0131ndaki Alanlar\u0131 Geni\u015fleten Ordu Birliklerimiz Ter\u00f6r Karargahlar\u0131n\u0131 da \u0130mha Etti"},"content":{"rendered":"<p>\u0130LLER \u2013 Tekfirci ve vatan haini ter\u00f6ristleri a\u011f\u0131r kay\u0131plara u\u011frat\u0131p kontrol\u00fc alt\u0131ndaki b\u00f6lgeleri geni\u015fleten ordu birliklerimiz; d\u0131\u015f g\u00fc\u00e7lere hizmet eden bu \u00e7etelerin komuta karargahlar\u0131 ve ara\u00e7lar\u0131n\u0131 da imha etmeye devam etti.<\/p>\n<p><span style=\"color: #0000ff\">DEYREZZOR:<\/span><\/p>\n<p>Askeri kaynak ordu birliklerimizin Deyrezzor Kentinin g\u00fcney kenarlar\u0131 Makabir B\u00f6lgesinde I\u015e\u0130D \u00e7eteleri ile girdikleri \u015fiddetli \u00e7at\u0131\u015fmalar ard\u0131ndan stratejik noktalar\u0131 ter\u00f6rden temizlediklerini ve kontrol\u00fc alt\u0131ndaki b\u00f6lgeleri geni\u015flettiklerini belirtti.<\/p>\n<p>Kentin yine g\u00fcney ekseni Temin T\u00fcmeninin g\u00fcneybat\u0131s\u0131nda tekfirci ter\u00f6ristlerle yine \u015fiddetli \u00e7at\u0131\u015fmalara giren ordu birliklerimizin Hasan Tepesi ve daha ba\u015fka stratejik noktalar\u0131 kontrollerine ald\u0131klar\u0131n\u0131 belirten askeri kaynak; \u2018Ebu Eyhem el Masri\u2019 ve daha ba\u015fka eleba\u015flar\u0131n aralar\u0131nda bulundu\u011fu \u00e7ok say\u0131da tekfirci ter\u00f6ristin \u00f6ld\u00fcr\u00fcld\u00fc\u011f\u00fcn\u00fc aktard\u0131.<\/p>\n<p>Kaynak ordu birliklerimizin Deyrezzor Kentinin g\u00fcney ekseninde ya\u015fanan \u015fiddetli \u00e7at\u0131\u015fmalardan ka\u00e7an I\u015e\u0130D\u2019li ter\u00f6ristlerin ara\u00e7lar\u0131n\u0131 ate\u015fe tuttuklar\u0131n\u0131 ifade ederken, nitelikli at\u0131\u015flarda en az 11 ter\u00f6ristin \u00f6l\u00fc, bir\u00e7ok ter\u00f6ristin yaral\u0131 d\u00fc\u015ft\u00fc\u011f\u00fcne dikkat \u00e7ekti.<\/p>\n<p><span style=\"color: #0000ff\">DERA:<\/span><\/p>\n<p>Di\u011fer yandan askeri kaynak ordu birliklerimizin Dera Beled B\u00f6lgesinde \u0130srail\u2019e tabi olarak ter\u00f6r estiren Nusra Cephesi ve beraberindeki di\u011fer ter\u00f6r \u00e7etelere ait iki komuta g\u00f6zetleme karargah\u0131n\u0131 muhtevalar\u0131yla imha ettiklerini belirtti.<\/p>\n<p>A\u011f\u0131r silah rampalar\u0131 ve ter\u00f6rist ta\u015f\u0131yan bir arac\u0131n da operasyonlarda imha edildi\u011fine dikkat \u00e7eken kaynak; aralar\u0131nda az\u0131l\u0131 ter\u00f6r eleba\u015flar\u0131n\u0131n bulundu\u011fu \u00e7ok say\u0131da ter\u00f6ristin etkisiz hale getirildiklerini kaydetti.<\/p>\n<p><span style=\"color: #0000ff\">HOMS:<\/span><\/p>\n<p>Bu arada askeri bir kaynak ordu birliklerimizin Homs \u0130linin kuzeyi Huvla B\u00f6lgesinde yer alan Kiysin Beldesinde Nusra Cephesinin mevki ve s\u0131zma eksenlerini top ate\u015fine tuttuklar\u0131n\u0131 belirtti.<\/p>\n<p>Top ate\u015finde f\u00fcze bataryas\u0131n\u0131n monte edildi\u011fi bir arac\u0131n imha edildi\u011fini ifade eden kaynak, tekfirci ter\u00f6r \u00f6rg\u00fcte tabi bir ter\u00f6r grubunun tamam\u0131n\u0131n da yok edildi\u011fini aktard\u0131.<\/p>\n","protected":false},"excerpt":{"rendered":"<p>\u0130LLER \u2013 Tekfirci ve vatan haini ter\u00f6ristleri a\u011f\u0131r kay\u0131plara u\u011frat\u0131p kontrol\u00fc alt\u0131ndaki b\u00f6lgeleri geni\u015fleten ordu birliklerimiz; d\u0131\u015f g\u00fc\u00e7lere hizmet eden bu \u00e7etelerin komuta karargahlar\u0131 ve ara\u00e7lar\u0131n\u0131 da imha etmeye devam etti. DEYREZZOR: Askeri kaynak ordu birliklerimizin Deyrezzor Kentinin g\u00fcney kenarlar\u0131 Makabir B\u00f6lgesinde I\u015e\u0130D \u00e7eteleri ile girdikleri \u015fiddetli \u00e7at\u0131\u015fmalar ard\u0131ndan stratejik noktalar\u0131 ter\u00f6rden temizlediklerini ve kontrol\u00fc &hellip;<\/p>\n","protected":false},"author":1,"featured_media":112230,"comment_status":"closed","ping_status":"closed","sticky":false,"template":"","format":"standard","meta":{"footnotes":""},"categories":[479,575,17988,478],"tags":[3464,18365,18237,18347,18674,23837,12240,11549,22182,19034,28327,4076],"class_list":["post-112227","post","type-post","status-publish","format-standard","has-post-thumbnail","","category-haberler-yerel","category-olaylar-ve-gercekler","category-son-haberler","category-yerel","tag-nusra-cephesi","tag-ahrar-el-sam","tag-cihatcilar","tag-oso","tag-silahli-muhalifler","tag-suriye-gercekleri","tag-suriye-hukumeti","tag-suriye-ordusu","tag-suriyede-savas","tag-suriyeli-muhalifler","tag-tahrir-el-sam","tag-terorle-mucadele"],"_links":{"self":[{"href":"https:\/\/archive.sana.sy\/tr\/index.php?rest_route=\/wp\/v2\/posts\/112227","targetHints":{"allow":["GET"]}}],"collection":[{"href":"https:\/\/archive.sana.sy\/tr\/index.php?rest_route=\/wp\/v2\/posts"}],"about":[{"href":"https:\/\/archive.sana.sy\/tr\/index.php?rest_route=\/wp\/v2\/types\/post"}],"author":[{"embeddable":true,"href":"https:\/\/archive.sana.sy\/tr\/index.php?rest_route=\/wp\/v2\/users\/1"}],"replies":[{"embeddable":true,"href":"https:\/\/archive.sana.sy\/tr\/index.php?rest_route=%2Fwp%2Fv2%2Fcomments&post=112227"}],"version-history":[{"count":0,"href":"https:\/\/archive.sana.sy\/tr\/index.php?rest_route=\/wp\/v2\/posts\/112227\/revisions"}],"wp:featuredmedia":[{"embeddable":true,"href":"https:\/\/archive.sana.sy\/tr\/index.php?rest_route=\/wp\/v2\/media\/112230"}],"wp:attachment":[{"href":"https:\/\/archive.sana.sy\/tr\/index.php?rest_route=%2Fwp%2Fv2%2Fmedia&parent=112227"}],"wp:term":[{"taxonomy":"category","embeddable":true,"href":"https:\/\/archive.sana.sy\/tr\/index.php?rest_route=%2Fwp%2Fv2%2Fcategories&post=112227"},{"taxonomy":"post_tag","embeddable":true,"href":"https:\/\/archive.sana.sy\/tr\/index.php?rest_route=%2Fwp%2Fv2%2Ftags&post=112227"}],"curies":[{"name":"wp","href":"https:\/\/api.w.org\/{rel}","templated":true}]}}