{"id":11225,"date":"2014-09-25T19:43:58","date_gmt":"2014-09-25T16:43:58","guid":{"rendered":"http:\/\/www.sana.sy\/tr\/?p=11225"},"modified":"2014-09-25T23:31:24","modified_gmt":"2014-09-25T20:31:24","slug":"eczacilik-fakultesi-ogrencilerinden-anlamli-bir-etkinlik","status":"publish","type":"post","link":"https:\/\/archive.sana.sy\/tr\/?p=11225","title":{"rendered":"Eczac\u0131l\u0131k Fak\u00fcltesi \u00d6\u011frencilerinden Anlaml\u0131 Bir Etkinlik"},"content":{"rendered":"<p>\u015eAM \u2013 \u015eam \u00dcniversitesi Eczac\u0131l\u0131k Fak\u00fcltesi \u00d6\u011frencileri, her y\u0131l 25 Eyl\u00fcl tarihinde kutlanan D\u00fcnya Eczac\u0131lar G\u00fcn\u00fc m\u00fcnasebetiyle \u201c\u00dclkem Ac\u0131 \u00c7ekiyor\u2026 Ben \u00dclkemin \u0130lac\u0131y\u0131m\u2026 Ben Suriyeli Eczac\u0131y\u0131m Bana G\u00fcvenmeye Devam Edin\u201d \u015fiar\u0131 alt\u0131nda bir giri\u015fim ba\u015flatt\u0131lar.<\/p>\n<p>Giri\u015fimin ba\u015flamas\u0131 m\u00fcnasebetiyle d\u00fczenlenen t\u00f6rende bir konu\u015fma yapan \u015eam \u00dcniversitesi Rekt\u00f6r\u00fc Dr. Hassan K\u00fcrdi; D\u00fcnya Eczac\u0131lar G\u00fcn\u00fcn\u00fcn herkesin \u015fapka \u00e7\u0131kararak insanl\u0131k i\u00e7in b\u00fcy\u00fck bir \u00f6nem ve fayda sa\u011flayan bir meslek icra eden d\u00fcnya eczac\u0131lar\u0131 huzurunda sayg\u0131yla e\u011filmesi gereken bir g\u00fcn oldu\u011funu dile getirdi.<\/p>\n<p><a href=\"http:\/\/www.sana.sy\/tr\/wp-content\/uploads\/2014\/09\/eczac\u0131l\u0131k-2.jpg\"><img loading=\"lazy\" decoding=\"async\" class=\"alignright wp-image-11270 size-medium\" src=\"http:\/\/www.sana.sy\/tr\/wp-content\/uploads\/2014\/09\/eczac\u0131l\u0131k-2-300x199.jpg\" alt=\"eczac\u0131l\u0131k 2\" width=\"300\" height=\"199\" srcset=\"https:\/\/archive.sana.sy\/tr\/wp-content\/uploads\/2014\/09\/eczac\u0131l\u0131k-2-300x199.jpg 300w, https:\/\/archive.sana.sy\/tr\/wp-content\/uploads\/2014\/09\/eczac\u0131l\u0131k-2-150x99.jpg 150w, https:\/\/archive.sana.sy\/tr\/wp-content\/uploads\/2014\/09\/eczac\u0131l\u0131k-2-1024x681.jpg 1024w\" sizes=\"auto, (max-width: 300px) 100vw, 300px\" \/><\/a>K\u00fcrdi konu\u015fmas\u0131nda \u00fclkede ya\u015fanmakta olan krize ra\u011fmen iktidar\u0131 ve ordusunu desteklemeye ve tekfirci ter\u00f6rist d\u00fc\u015f\u00fcnceleri kar\u015f\u0131s\u0131nda tek y\u00fcrek tek yumruk m\u00fccadele etmeye devam eden b\u00fct\u00fcn Suriyelileri sayg\u0131yla selamlad\u0131.<\/p>\n<p>Eczac\u0131l\u0131k Fak\u00fcltesi Y\u00f6netim Kurulu Ba\u015fkan\u0131 Ala el \u015eeyh Muhammed; Eczac\u0131l\u0131k Fak\u00fcltesi \u00f6\u011frencilerinin ba\u015flatm\u0131\u015f oldu\u011fu bu giri\u015fimin \u00f6\u011frencilerin, ya\u015fanmakta olan zor g\u00fcnlerde, ulus ve vatanlar\u0131n\u0131n yan\u0131nda duru\u015flar\u0131n\u0131 ifade eden sembolik bir \u00e7al\u0131\u015fma oldu\u011funu ifade etti.<\/p>\n<p>\u00d6te yandan giri\u015fimin organizasyonunda aktif rol \u00fcstlenen \u00f6\u011frencilerden Liyn el Huvla; giri\u015fim kapsam\u0131nda b\u00fcy\u00fck bir kuma\u015f levhas\u0131n\u0131n imzalarla doldurularak fak\u00fclte duvar\u0131na as\u0131lmas\u0131, eczac\u0131l\u0131k mesle\u011finin tan\u0131t\u0131lmas\u0131na ili\u015fkin seminer ve etkinliklerin yan\u0131 s\u0131ra g\u00f6n\u00fcll\u00fc eczac\u0131l\u0131k faaliyetleri hakk\u0131nda bilgilendirme gibi faaliyetler kapsad\u0131\u011f\u0131n\u0131 beyan etti.<\/p>\n","protected":false},"excerpt":{"rendered":"<p>\u015eAM \u2013 \u015eam \u00dcniversitesi Eczac\u0131l\u0131k Fak\u00fcltesi \u00d6\u011frencileri, her y\u0131l 25 Eyl\u00fcl tarihinde kutlanan D\u00fcnya Eczac\u0131lar G\u00fcn\u00fc m\u00fcnasebetiyle \u201c\u00dclkem Ac\u0131 \u00c7ekiyor\u2026 Ben \u00dclkemin \u0130lac\u0131y\u0131m\u2026 Ben Suriyeli Eczac\u0131y\u0131m Bana G\u00fcvenmeye Devam Edin\u201d \u015fiar\u0131 alt\u0131nda bir giri\u015fim ba\u015flatt\u0131lar. Giri\u015fimin ba\u015flamas\u0131 m\u00fcnasebetiyle d\u00fczenlenen t\u00f6rende bir konu\u015fma yapan \u015eam \u00dcniversitesi Rekt\u00f6r\u00fc Dr. Hassan K\u00fcrdi; D\u00fcnya Eczac\u0131lar G\u00fcn\u00fcn\u00fcn herkesin \u015fapka \u00e7\u0131kararak &hellip;<\/p>\n","protected":false},"author":1,"featured_media":11269,"comment_status":"closed","ping_status":"closed","sticky":false,"template":"","format":"standard","meta":{"footnotes":""},"categories":[526,479,525,478],"tags":[2720],"class_list":["post-11225","post","type-post","status-publish","format-standard","has-post-thumbnail","","category-haber-ve-raporlar","category-haberler-yerel","category-toplum","category-yerel","tag-eczacilik-fakultesi-ogrencilerinden-anlamli-bir-etkinlik"],"_links":{"self":[{"href":"https:\/\/archive.sana.sy\/tr\/index.php?rest_route=\/wp\/v2\/posts\/11225","targetHints":{"allow":["GET"]}}],"collection":[{"href":"https:\/\/archive.sana.sy\/tr\/index.php?rest_route=\/wp\/v2\/posts"}],"about":[{"href":"https:\/\/archive.sana.sy\/tr\/index.php?rest_route=\/wp\/v2\/types\/post"}],"author":[{"embeddable":true,"href":"https:\/\/archive.sana.sy\/tr\/index.php?rest_route=\/wp\/v2\/users\/1"}],"replies":[{"embeddable":true,"href":"https:\/\/archive.sana.sy\/tr\/index.php?rest_route=%2Fwp%2Fv2%2Fcomments&post=11225"}],"version-history":[{"count":0,"href":"https:\/\/archive.sana.sy\/tr\/index.php?rest_route=\/wp\/v2\/posts\/11225\/revisions"}],"wp:featuredmedia":[{"embeddable":true,"href":"https:\/\/archive.sana.sy\/tr\/index.php?rest_route=\/wp\/v2\/media\/11269"}],"wp:attachment":[{"href":"https:\/\/archive.sana.sy\/tr\/index.php?rest_route=%2Fwp%2Fv2%2Fmedia&parent=11225"}],"wp:term":[{"taxonomy":"category","embeddable":true,"href":"https:\/\/archive.sana.sy\/tr\/index.php?rest_route=%2Fwp%2Fv2%2Fcategories&post=11225"},{"taxonomy":"post_tag","embeddable":true,"href":"https:\/\/archive.sana.sy\/tr\/index.php?rest_route=%2Fwp%2Fv2%2Ftags&post=11225"}],"curies":[{"name":"wp","href":"https:\/\/api.w.org\/{rel}","templated":true}]}}