{"id":112288,"date":"2017-04-28T09:30:54","date_gmt":"2017-04-28T06:30:54","guid":{"rendered":"http:\/\/www.sana.sy\/tr\/?p=112288"},"modified":"2017-04-29T14:04:26","modified_gmt":"2017-04-29T11:04:26","slug":"opcwe-han-seyhuna-uzmanlarini-gondermeye-hazir-oldugunu-ilan-etti","status":"publish","type":"post","link":"https:\/\/archive.sana.sy\/tr\/?p=112288","title":{"rendered":"OPCW\u2019e Han \u015eeyhun\u2019a Uzmanlar\u0131n\u0131 G\u00f6ndermeye Haz\u0131r Oldu\u011funu \u0130lan Etti"},"content":{"rendered":"<p>LAHEY \u2013 Uluslar aras\u0131 Kimyasal Silahlar\u0131 Yasaklama \u00d6rg\u00fct\u00fc OPCW; \u0130dlib k\u0131rsal\u0131 Han \u015eeyhun Beldesinde kimyasal silah kullan\u0131m\u0131na ili\u015fkin iddialar konusunda \u015fu ana dek faili belirleyemedi\u011fini ilan belirtirken, b\u00f6lgeye uluslar aras\u0131 bir soru\u015fturma komitesi g\u00f6ndermeye haz\u0131r oldu\u011funu ilan etti.<\/p>\n<p>OPCW Genel M\u00fcd\u00fcr\u00fc Ahmet \u00dcz\u00fcmc\u00fc bug\u00fcn Lahey\u2019de bas\u0131na yapt\u0131\u011f\u0131 a\u00e7\u0131klamalarda; \u00f6rg\u00fct\u00fcn Han \u015eeyhun\u2019a uzmanlar\u0131n\u0131 g\u00f6ndermeye haz\u0131r oldu\u011funu belirtirken, bu uzmanlar aras\u0131nda g\u00f6n\u00fcll\u00fclerin de yer ald\u0131\u011f\u0131n\u0131 ifade etti.<\/p>\n<p>\u00dcz\u00fcmc\u00fc \u00f6rg\u00fct uzmanlar\u0131n\u0131n Han \u015eeyhun\u2019a gitmeye haz\u0131r olduklar\u0131n\u0131, fakat oradaki b\u00f6lgenin \u2018muhtelif muhalif gruplar\u2019 diye nitelendirdi\u011fi cemaatlerin elinde oldu\u011funa dikkat \u00e7ekerek, \u00f6nce bu gruplarla anla\u015fma sa\u011flanmas\u0131 gere\u011fini ifade etti.<\/p>\n<p>Bilindi\u011fi \u00fczere Han \u015eeyhun dahil \u0130dlib k\u0131rsal\u0131 T\u00fcrkiye ve Suudi Arabistan\u2019\u0131n komutas\u0131nda faaliyet g\u00f6steren ba\u015fta Kaide \u00d6rg\u00fct\u00fcn\u00fcn Suriye kolu Nusra Cephesi ve m\u00fcttefikleri ter\u00f6r \u00f6rg\u00fctlerin bulundu\u011fu b\u00f6lgelerdir.<\/p>\n<p>Suriye daha \u00f6nce Han \u015eeyhun B\u00f6lgesinde ter\u00f6r \u00f6rg\u00fctlere kar\u015f\u0131 kimyasal silah kulland\u0131\u011f\u0131n\u0131 kesin bir dille yalanlam\u0131\u015f, OPCW\u2019den b\u00f6lgeye uzman bir heyet g\u00f6nderilmesini talep etmi\u015fti. Rusya ve \u0130ran\u2019\u0131n soru\u015fturma heyetinin g\u00f6nderilmesi y\u00f6n\u00fcnde bulunduklar\u0131 talep ABD ve m\u00fcttefikleri taraf\u0131ndan engellenmi\u015fti. Bunun \u00fczerine Rusya ve \u0130ran Han \u015eeyhun ve ABD\u2019nin kimyasal silah bulundu\u011fu iddialar\u0131yla bombalad\u0131\u011f\u0131 \u015euayrat Hava \u00dcss\u00fcnde dakik ve tarafs\u0131z bir soru\u015fturma yapacak uzman heyetin g\u00f6nderilmesinde \u0131srar etmi\u015fti.<\/p>\n","protected":false},"excerpt":{"rendered":"<p>LAHEY \u2013 Uluslar aras\u0131 Kimyasal Silahlar\u0131 Yasaklama \u00d6rg\u00fct\u00fc OPCW; \u0130dlib k\u0131rsal\u0131 Han \u015eeyhun Beldesinde kimyasal silah kullan\u0131m\u0131na ili\u015fkin iddialar konusunda \u015fu ana dek faili belirleyemedi\u011fini ilan belirtirken, b\u00f6lgeye uluslar aras\u0131 bir soru\u015fturma komitesi g\u00f6ndermeye haz\u0131r oldu\u011funu ilan etti. OPCW Genel M\u00fcd\u00fcr\u00fc Ahmet \u00dcz\u00fcmc\u00fc bug\u00fcn Lahey\u2019de bas\u0131na yapt\u0131\u011f\u0131 a\u00e7\u0131klamalarda; \u00f6rg\u00fct\u00fcn Han \u015eeyhun\u2019a uzmanlar\u0131n\u0131 g\u00f6ndermeye haz\u0131r oldu\u011funu &hellip;<\/p>\n","protected":false},"author":1,"featured_media":112291,"comment_status":"closed","ping_status":"closed","sticky":false,"template":"","format":"standard","meta":{"footnotes":""},"categories":[458,459,17988],"tags":[29231],"class_list":["post-112288","post","type-post","status-publish","format-standard","has-post-thumbnail","","category-dunya1","category-haberler-arap-uluslararasi-politika","category-son-haberler","tag-opcwe-han-seyhuna-uzmanlarini-gondermeye-hazir-oldugunu-ilan-etti"],"_links":{"self":[{"href":"https:\/\/archive.sana.sy\/tr\/index.php?rest_route=\/wp\/v2\/posts\/112288","targetHints":{"allow":["GET"]}}],"collection":[{"href":"https:\/\/archive.sana.sy\/tr\/index.php?rest_route=\/wp\/v2\/posts"}],"about":[{"href":"https:\/\/archive.sana.sy\/tr\/index.php?rest_route=\/wp\/v2\/types\/post"}],"author":[{"embeddable":true,"href":"https:\/\/archive.sana.sy\/tr\/index.php?rest_route=\/wp\/v2\/users\/1"}],"replies":[{"embeddable":true,"href":"https:\/\/archive.sana.sy\/tr\/index.php?rest_route=%2Fwp%2Fv2%2Fcomments&post=112288"}],"version-history":[{"count":0,"href":"https:\/\/archive.sana.sy\/tr\/index.php?rest_route=\/wp\/v2\/posts\/112288\/revisions"}],"wp:featuredmedia":[{"embeddable":true,"href":"https:\/\/archive.sana.sy\/tr\/index.php?rest_route=\/wp\/v2\/media\/112291"}],"wp:attachment":[{"href":"https:\/\/archive.sana.sy\/tr\/index.php?rest_route=%2Fwp%2Fv2%2Fmedia&parent=112288"}],"wp:term":[{"taxonomy":"category","embeddable":true,"href":"https:\/\/archive.sana.sy\/tr\/index.php?rest_route=%2Fwp%2Fv2%2Fcategories&post=112288"},{"taxonomy":"post_tag","embeddable":true,"href":"https:\/\/archive.sana.sy\/tr\/index.php?rest_route=%2Fwp%2Fv2%2Ftags&post=112288"}],"curies":[{"name":"wp","href":"https:\/\/api.w.org\/{rel}","templated":true}]}}