{"id":11246,"date":"2014-09-25T20:41:43","date_gmt":"2014-09-25T17:41:43","guid":{"rendered":"http:\/\/www.sana.sy\/tr\/?p=11246"},"modified":"2014-09-25T20:41:43","modified_gmt":"2014-09-25T17:41:43","slug":"fransa-iliman-muhalefeti-destekleyerek-ikiyuzlulugunu-devam-ettiriyor","status":"publish","type":"post","link":"https:\/\/archive.sana.sy\/tr\/?p=11246","title":{"rendered":"Fransa \u201cIl\u0131man Muhalefeti\u201d Destekleyerek \u0130kiy\u00fczl\u00fcl\u00fc\u011f\u00fcn\u00fc Devam Ettiriyor"},"content":{"rendered":"<p>PAR\u0130S \u2013 Fransa, Amerika Birle\u015fik Devletlerinin kurdu\u011fu ve ter\u00f6rle m\u00fccadele etti\u011fi iddia etti\u011fi uluslararas\u0131 koalisyonda yer ald\u0131ktan sonra \u201cIl\u0131man Muhalefet\u201d adland\u0131rd\u0131\u011f\u0131 silahl\u0131 ter\u00f6rist \u00e7etelere verdi\u011fi deste\u011fini s\u00fcrd\u00fcrece\u011fini belirtti.<\/p>\n<p>Associated Press, Fransa Cumhurba\u015fkanl\u0131\u011f\u0131n\u0131n bug\u00fcn yay\u0131nlad\u0131\u011f\u0131 bir bildiride \u201cFransa Suriye\u2019deki \u201cIl\u0131man Muhalefete\u201d verdi\u011fi yard\u0131m\u0131 yo\u011funla\u015ft\u0131racak\u201d ifadelerini ve bu \u00e7etelerin \u201cIrak ve \u015eam \u0130slam Devleti\u201d ter\u00f6r \u00f6rg\u00fct\u00fcne kar\u015f\u0131 m\u00fccadele etti\u011fi iddialar\u0131n\u0131 aktard\u0131.<\/p>\n<p>Fransa Savunma Bakan\u0131 daha \u00f6nce \u00fclkesinin Suriye\u2019de sava\u015fan silahl\u0131 ter\u00f6r \u00f6rg\u00fctlerini destekledi\u011fini itiraf etmi\u015fti.<\/p>\n<p>G\u00f6zlemciler, Fransa\u2019n\u0131n bu tutumunu iki y\u00fczl\u00fcl\u00fc\u011f\u00fcn\u00fcn devam etmesi anlam\u0131na gelir; bir yandan bir tak\u0131m ter\u00f6r \u00f6rg\u00fctlerine sald\u0131rmak, di\u011fer bir yandan ba\u015fka ter\u00f6r \u00f6rg\u00fctlerine yard\u0131m vermek Fransa politikas\u0131n\u0131n tutars\u0131zl\u0131\u011f\u0131n\u0131 g\u00f6zler \u00f6n\u00fcnde serdi, \u015feklinde yorumlad\u0131lar.<\/p>\n","protected":false},"excerpt":{"rendered":"<p>PAR\u0130S \u2013 Fransa, Amerika Birle\u015fik Devletlerinin kurdu\u011fu ve ter\u00f6rle m\u00fccadele etti\u011fi iddia etti\u011fi uluslararas\u0131 koalisyonda yer ald\u0131ktan sonra \u201cIl\u0131man Muhalefet\u201d adland\u0131rd\u0131\u011f\u0131 silahl\u0131 ter\u00f6rist \u00e7etelere verdi\u011fi deste\u011fini s\u00fcrd\u00fcrece\u011fini belirtti. Associated Press, Fransa Cumhurba\u015fkanl\u0131\u011f\u0131n\u0131n bug\u00fcn yay\u0131nlad\u0131\u011f\u0131 bir bildiride \u201cFransa Suriye\u2019deki \u201cIl\u0131man Muhalefete\u201d verdi\u011fi yard\u0131m\u0131 yo\u011funla\u015ft\u0131racak\u201d ifadelerini ve bu \u00e7etelerin \u201cIrak ve \u015eam \u0130slam Devleti\u201d ter\u00f6r \u00f6rg\u00fct\u00fcne kar\u015f\u0131 &hellip;<\/p>\n","protected":false},"author":1,"featured_media":11247,"comment_status":"closed","ping_status":"closed","sticky":false,"template":"","format":"standard","meta":{"footnotes":""},"categories":[458,459,447],"tags":[2723],"class_list":["post-11246","post","type-post","status-publish","format-standard","has-post-thumbnail","","category-dunya1","category-haberler-arap-uluslararasi-politika","category-politika","tag-fransa-iliman-muhalefeti-destekleyerek-ikiyuzlulugunu-devam-ettiriyor"],"_links":{"self":[{"href":"https:\/\/archive.sana.sy\/tr\/index.php?rest_route=\/wp\/v2\/posts\/11246","targetHints":{"allow":["GET"]}}],"collection":[{"href":"https:\/\/archive.sana.sy\/tr\/index.php?rest_route=\/wp\/v2\/posts"}],"about":[{"href":"https:\/\/archive.sana.sy\/tr\/index.php?rest_route=\/wp\/v2\/types\/post"}],"author":[{"embeddable":true,"href":"https:\/\/archive.sana.sy\/tr\/index.php?rest_route=\/wp\/v2\/users\/1"}],"replies":[{"embeddable":true,"href":"https:\/\/archive.sana.sy\/tr\/index.php?rest_route=%2Fwp%2Fv2%2Fcomments&post=11246"}],"version-history":[{"count":0,"href":"https:\/\/archive.sana.sy\/tr\/index.php?rest_route=\/wp\/v2\/posts\/11246\/revisions"}],"wp:featuredmedia":[{"embeddable":true,"href":"https:\/\/archive.sana.sy\/tr\/index.php?rest_route=\/wp\/v2\/media\/11247"}],"wp:attachment":[{"href":"https:\/\/archive.sana.sy\/tr\/index.php?rest_route=%2Fwp%2Fv2%2Fmedia&parent=11246"}],"wp:term":[{"taxonomy":"category","embeddable":true,"href":"https:\/\/archive.sana.sy\/tr\/index.php?rest_route=%2Fwp%2Fv2%2Fcategories&post=11246"},{"taxonomy":"post_tag","embeddable":true,"href":"https:\/\/archive.sana.sy\/tr\/index.php?rest_route=%2Fwp%2Fv2%2Ftags&post=11246"}],"curies":[{"name":"wp","href":"https:\/\/api.w.org\/{rel}","templated":true}]}}