{"id":11251,"date":"2014-09-25T22:42:28","date_gmt":"2014-09-25T19:42:28","guid":{"rendered":"http:\/\/www.sana.sy\/tr\/?p=11251"},"modified":"2014-09-25T23:15:19","modified_gmt":"2014-09-25T20:15:19","slug":"isgalci-israilden-aldiklari-destege-ragmen-kayiplari-artiyor","status":"publish","type":"post","link":"https:\/\/archive.sana.sy\/tr\/?p=11251","title":{"rendered":"\u0130\u015fgalci \u0130srail&#8217;den Ald\u0131klar\u0131 Deste\u011fe Ra\u011fmen Kay\u0131plar\u0131 Art\u0131yor"},"content":{"rendered":"<p>KUNAYTRA \u2013 Gerek \u0130srail i\u015fgali alt\u0131ndaki Golan topraklar\u0131ndaki beldeleri ay\u0131ran \u00e7izgi gerekse i\u015fgalden kurtar\u0131lm\u0131\u015f Kunaytra\u2019daki \u00e7izgide b\u00f6lge halk\u0131n\u0131n kahraman vatanda\u015flar\u0131m\u0131z\u0131n kararl\u0131 direni\u015fi sayesinde silahl\u0131 ter\u00f6r \u00f6rg\u00fctleri i\u015fgalci \u0130srail&#8217;den ald\u0131klar\u0131 t\u00fcm destek ve ikmale ra\u011fmen bir\u00e7ok b\u00f6lgeye s\u0131zma giri\u015fimlerinde ba\u015far\u0131s\u0131z kald\u0131lar.<\/p>\n<p>Kunaytra k\u0131rsal\u0131n\u0131n H\u0131z\u0131r Beldesinde ise vatanda\u015flar ter\u00f6r \u00f6rg\u00fctlere kar\u015f\u0131 operasyonlar\u0131n\u0131 ba\u015far\u0131yla s\u00fcrd\u00fcren vatan koruyucular\u0131 ordu birliklerimiz ile yan yana olarak normal ya\u015famlar\u0131n\u0131 s\u00fcrd\u00fcr\u00fcyor.<\/p>\n<div style=\"width: 618px;\" class=\"wp-video\"><!--[if lt IE 9]><script>document.createElement('video');<\/script><![endif]-->\n<video class=\"wp-video-shortcode\" id=\"video-11251-1\" width=\"618\" height=\"348\" preload=\"metadata\" controls=\"controls\"><source type=\"video\/x-flv\" src=\"http:\/\/www.sana.sy\/tr\/wp-content\/uploads\/2014\/09\/Kunaytra3.flv?_=1\" \/><a href=\"http:\/\/www.sana.sy\/tr\/wp-content\/uploads\/2014\/09\/Kunaytra3.flv\">http:\/\/www.sana.sy\/tr\/wp-content\/uploads\/2014\/09\/Kunaytra3.flv<\/a><\/video><\/div>\n","protected":false},"excerpt":{"rendered":"<p>KUNAYTRA \u2013 Gerek \u0130srail i\u015fgali alt\u0131ndaki Golan topraklar\u0131ndaki beldeleri ay\u0131ran \u00e7izgi gerekse i\u015fgalden kurtar\u0131lm\u0131\u015f Kunaytra\u2019daki \u00e7izgide b\u00f6lge halk\u0131n\u0131n kahraman vatanda\u015flar\u0131m\u0131z\u0131n kararl\u0131 direni\u015fi sayesinde silahl\u0131 ter\u00f6r \u00f6rg\u00fctleri i\u015fgalci \u0130srail&#8217;den ald\u0131klar\u0131 t\u00fcm destek ve ikmale ra\u011fmen bir\u00e7ok b\u00f6lgeye s\u0131zma giri\u015fimlerinde ba\u015far\u0131s\u0131z kald\u0131lar. Kunaytra k\u0131rsal\u0131n\u0131n H\u0131z\u0131r Beldesinde ise vatanda\u015flar ter\u00f6r \u00f6rg\u00fctlere kar\u015f\u0131 operasyonlar\u0131n\u0131 ba\u015far\u0131yla s\u00fcrd\u00fcren vatan koruyucular\u0131 ordu &hellip;<\/p>\n","protected":false},"author":1,"featured_media":11252,"comment_status":"closed","ping_status":"closed","sticky":false,"template":"","format":"standard","meta":{"footnotes":""},"categories":[596,575],"tags":[2724],"class_list":["post-11251","post","type-post","status-publish","format-standard","has-post-thumbnail","","category-fotografli-raporlar","category-olaylar-ve-gercekler","tag-isgalci-israilden-aldiklari-destege-ragmen-kayiplari-artiyor"],"_links":{"self":[{"href":"https:\/\/archive.sana.sy\/tr\/index.php?rest_route=\/wp\/v2\/posts\/11251","targetHints":{"allow":["GET"]}}],"collection":[{"href":"https:\/\/archive.sana.sy\/tr\/index.php?rest_route=\/wp\/v2\/posts"}],"about":[{"href":"https:\/\/archive.sana.sy\/tr\/index.php?rest_route=\/wp\/v2\/types\/post"}],"author":[{"embeddable":true,"href":"https:\/\/archive.sana.sy\/tr\/index.php?rest_route=\/wp\/v2\/users\/1"}],"replies":[{"embeddable":true,"href":"https:\/\/archive.sana.sy\/tr\/index.php?rest_route=%2Fwp%2Fv2%2Fcomments&post=11251"}],"version-history":[{"count":0,"href":"https:\/\/archive.sana.sy\/tr\/index.php?rest_route=\/wp\/v2\/posts\/11251\/revisions"}],"wp:featuredmedia":[{"embeddable":true,"href":"https:\/\/archive.sana.sy\/tr\/index.php?rest_route=\/wp\/v2\/media\/11252"}],"wp:attachment":[{"href":"https:\/\/archive.sana.sy\/tr\/index.php?rest_route=%2Fwp%2Fv2%2Fmedia&parent=11251"}],"wp:term":[{"taxonomy":"category","embeddable":true,"href":"https:\/\/archive.sana.sy\/tr\/index.php?rest_route=%2Fwp%2Fv2%2Fcategories&post=11251"},{"taxonomy":"post_tag","embeddable":true,"href":"https:\/\/archive.sana.sy\/tr\/index.php?rest_route=%2Fwp%2Fv2%2Ftags&post=11251"}],"curies":[{"name":"wp","href":"https:\/\/api.w.org\/{rel}","templated":true}]}}