{"id":11256,"date":"2014-09-25T23:12:01","date_gmt":"2014-09-25T20:12:01","guid":{"rendered":"http:\/\/www.sana.sy\/tr\/?p=11256"},"modified":"2014-09-25T23:13:24","modified_gmt":"2014-09-25T20:13:24","slug":"yasamlarini-iyilestirecek-yardimlar-dagitildi","status":"publish","type":"post","link":"https:\/\/archive.sana.sy\/tr\/?p=11256","title":{"rendered":"Ya\u015famlar\u0131n\u0131 \u0130yile\u015ftirecek Yard\u0131mlar Da\u011f\u0131t\u0131ld\u0131"},"content":{"rendered":"<p>LAZK\u0130YE \u2013 Lazkiye Valili\u011fi bug\u00fcn Lazkiye ve k\u0131rsal\u0131nda ordu ve i\u00e7 g\u00fcvenlik g\u00fc\u00e7lerinden yaral\u0131lara tar\u0131m ve savunma bakanl\u0131klar\u0131 taraf\u0131ndan takdim edilen \u00fcretim yard\u0131mlar\u0131 da\u011f\u0131tt\u0131.<\/p>\n<p>Ter\u00f6r \u00e7etelere kar\u015f\u0131 vatan ve vatanda\u015flar\u0131 savunmalar\u0131 s\u0131ras\u0131nda yaralanan asker ve i\u00e7 g\u00fcvenlik g\u00fc\u00e7lerinin ya\u015fam kalitesini iyile\u015ftirmek i\u00e7in da\u011f\u0131t\u0131lan Lazkiye Valisi Ahmet \u015eeyh Abd\u00fclkadir; Lazkiye Kenti ve k\u0131rsal\u0131nda yaral\u0131lar\u0131 evlerinde ziyaret edip da\u011f\u0131tt\u0131\u011f\u0131 yard\u0131mlar\u0131n ar\u0131 kovanlar\u0131 ve koyunlar\u0131n yan\u0131 s\u0131ra bakkal a\u00e7malar\u0131na yard\u0131m edecek g\u0131da \u00fcr\u00fcnleri, yada i\u015fyeri a\u00e7malar\u0131 i\u00e7in in\u015faat malzemelerinden ibaret oldu\u011funu a\u00e7\u0131klad\u0131.<\/p>\n<p>Valiye e\u015flik eden Lazkiye \u0130L Tar\u0131m M\u00fcd\u00fcr\u00fc Munzur Hayrbek; ilk ad\u0131mda 11 yaral\u0131ya yard\u0131m da\u011f\u0131t\u0131ld\u0131\u011f\u0131n\u0131 a\u00e7\u0131klarken, bu yard\u0131mlar\u0131n da\u011f\u0131t\u0131m\u0131na devam edilece\u011fini belirtti.<\/p>\n<div id='gallery-1' class='gallery galleryid-11256 gallery-columns-2 gallery-size-thumbnail'><figure class='gallery-item'>\n\t\t\t<div class='gallery-icon landscape'>\n\t\t\t\t<a href='https:\/\/archive.sana.sy\/tr\/wp-content\/uploads\/2014\/09\/Lazkiye-3.jpg'><img loading=\"lazy\" decoding=\"async\" width=\"150\" height=\"79\" src=\"https:\/\/archive.sana.sy\/tr\/wp-content\/uploads\/2014\/09\/Lazkiye-3-150x79.jpg\" class=\"attachment-thumbnail size-thumbnail\" alt=\"\" srcset=\"https:\/\/archive.sana.sy\/tr\/wp-content\/uploads\/2014\/09\/Lazkiye-3-150x79.jpg 150w, https:\/\/archive.sana.sy\/tr\/wp-content\/uploads\/2014\/09\/Lazkiye-3-300x160.jpg 300w, https:\/\/archive.sana.sy\/tr\/wp-content\/uploads\/2014\/09\/Lazkiye-3.jpg 620w\" sizes=\"auto, (max-width: 150px) 100vw, 150px\" \/><\/a>\n\t\t\t<\/div><\/figure><figure class='gallery-item'>\n\t\t\t<div class='gallery-icon landscape'>\n\t\t\t\t<a href='https:\/\/archive.sana.sy\/tr\/wp-content\/uploads\/2014\/09\/Lazkiye-4.jpg'><img loading=\"lazy\" decoding=\"async\" width=\"150\" height=\"79\" src=\"https:\/\/archive.sana.sy\/tr\/wp-content\/uploads\/2014\/09\/Lazkiye-4-150x79.jpg\" class=\"attachment-thumbnail size-thumbnail\" alt=\"\" srcset=\"https:\/\/archive.sana.sy\/tr\/wp-content\/uploads\/2014\/09\/Lazkiye-4-150x79.jpg 150w, https:\/\/archive.sana.sy\/tr\/wp-content\/uploads\/2014\/09\/Lazkiye-4-300x160.jpg 300w, https:\/\/archive.sana.sy\/tr\/wp-content\/uploads\/2014\/09\/Lazkiye-4.jpg 620w\" sizes=\"auto, (max-width: 150px) 100vw, 150px\" \/><\/a>\n\t\t\t<\/div><\/figure>\n\t\t<\/div>\n\n","protected":false},"excerpt":{"rendered":"<p>LAZK\u0130YE \u2013 Lazkiye Valili\u011fi bug\u00fcn Lazkiye ve k\u0131rsal\u0131nda ordu ve i\u00e7 g\u00fcvenlik g\u00fc\u00e7lerinden yaral\u0131lara tar\u0131m ve savunma bakanl\u0131klar\u0131 taraf\u0131ndan takdim edilen \u00fcretim yard\u0131mlar\u0131 da\u011f\u0131tt\u0131. Ter\u00f6r \u00e7etelere kar\u015f\u0131 vatan ve vatanda\u015flar\u0131 savunmalar\u0131 s\u0131ras\u0131nda yaralanan asker ve i\u00e7 g\u00fcvenlik g\u00fc\u00e7lerinin ya\u015fam kalitesini iyile\u015ftirmek i\u00e7in da\u011f\u0131t\u0131lan Lazkiye Valisi Ahmet \u015eeyh Abd\u00fclkadir; Lazkiye Kenti ve k\u0131rsal\u0131nda yaral\u0131lar\u0131 evlerinde ziyaret &hellip;<\/p>\n","protected":false},"author":1,"featured_media":11257,"comment_status":"closed","ping_status":"closed","sticky":false,"template":"","format":"standard","meta":{"footnotes":""},"categories":[526,479,575,525,478],"tags":[2725],"class_list":["post-11256","post","type-post","status-publish","format-standard","has-post-thumbnail","","category-haber-ve-raporlar","category-haberler-yerel","category-olaylar-ve-gercekler","category-toplum","category-yerel","tag-yasamlarini-iyilestirecek-yardimlar-dagitildi"],"_links":{"self":[{"href":"https:\/\/archive.sana.sy\/tr\/index.php?rest_route=\/wp\/v2\/posts\/11256","targetHints":{"allow":["GET"]}}],"collection":[{"href":"https:\/\/archive.sana.sy\/tr\/index.php?rest_route=\/wp\/v2\/posts"}],"about":[{"href":"https:\/\/archive.sana.sy\/tr\/index.php?rest_route=\/wp\/v2\/types\/post"}],"author":[{"embeddable":true,"href":"https:\/\/archive.sana.sy\/tr\/index.php?rest_route=\/wp\/v2\/users\/1"}],"replies":[{"embeddable":true,"href":"https:\/\/archive.sana.sy\/tr\/index.php?rest_route=%2Fwp%2Fv2%2Fcomments&post=11256"}],"version-history":[{"count":0,"href":"https:\/\/archive.sana.sy\/tr\/index.php?rest_route=\/wp\/v2\/posts\/11256\/revisions"}],"wp:featuredmedia":[{"embeddable":true,"href":"https:\/\/archive.sana.sy\/tr\/index.php?rest_route=\/wp\/v2\/media\/11257"}],"wp:attachment":[{"href":"https:\/\/archive.sana.sy\/tr\/index.php?rest_route=%2Fwp%2Fv2%2Fmedia&parent=11256"}],"wp:term":[{"taxonomy":"category","embeddable":true,"href":"https:\/\/archive.sana.sy\/tr\/index.php?rest_route=%2Fwp%2Fv2%2Fcategories&post=11256"},{"taxonomy":"post_tag","embeddable":true,"href":"https:\/\/archive.sana.sy\/tr\/index.php?rest_route=%2Fwp%2Fv2%2Ftags&post=11256"}],"curies":[{"name":"wp","href":"https:\/\/api.w.org\/{rel}","templated":true}]}}